{"id":80883,"date":"2006-02-09T00:21:54","date_gmt":"2006-02-08T23:21:54","guid":{"rendered":"https:\/\/mediarun.com\/index.php\/news-posts\/gw-minister-radia-maryja\/"},"modified":"2006-02-09T00:21:54","modified_gmt":"2006-02-08T23:21:54","slug":"gw-minister-radia-maryja","status":"publish","type":"post","link":"https:\/\/mediarun.com\/pl\/media\/radio\/gw-minister-radia-maryja.html","title":{"rendered":"&#8222;GW&#8221;: Minister Radia Maryja"},"content":{"rendered":"<p>&#8211; Z toru\u0144skim radiem Wysocki zwi\u0105za\u0142 si\u0119 przez Polskie Stowarzyszenie Morskie-Gospodarcze, kt\u00f3rym kieruje wesp\u00f3\u0142 z honorowym prezesem Zbigniewem Sulatyckim. &#8211; pisze &#8222;GW&#8221;<\/p>\n<p>&#8211; Ten 66-letni in\u017cynier, by\u0142y oficer \u017ceglugi wielkiej, nie mia\u0142 dot\u0105d nic wsp\u00f3lnego z PiS. Dzia\u0142a\u0142 w za\u0142o\u017conej przez siebie partii Liga Polska-Organizacja Narodu Polskiego, kt\u00f3ra &#8211; jak czytamy w programie &#8211; mia\u0142a by\u0107 odpowiedzi\u0105 na &#8222;wynaturzenia ustroju demokratycznego&#8221;. &#8211; czytamy w &#8222;Gazecie Wyborczej&#8221;<\/p>\n<p>&#8211; Szczeg\u00f3lnie jestem szcz\u0119\u015bliwy, \u017ce na zaproszenie Ojca Dyrektora mog\u0119 znowu si\u0119 wypowiedzie\u0107 na antenie Radia Maryja na wa\u017cny temat morski &#8211; tak obecny minister m\u00f3wi\u0142 niedawno w audycji &#8222;\u015awiadome niszczenie rybo\u0142\u00f3wstwa&#8221;. &#8211; Polskie rybo\u0142\u00f3wstwo potrzebuje pieni\u0119dzy i nie dajmy si\u0119 zwie\u015b\u0107 ba\u0142amutnej propagandzie, \u017ce ich nie ma. One s\u0105, tylko potrzebna jest decyzja rz\u0105dz\u0105cych, a pojawi\u0105 si\u0119 jak d\u017cd\u017cownice po deszczu. <\/p>\n<p>Wysocki przedstawi\u0142 pomys\u0142 na uratowanie floty: &#8211; W kraju s\u0105 liczne p\u0142atne parkingi, trzeba pieni\u0105dze z nich przeznacza\u0107 na budow\u0119 statk\u00f3w. Wyliczy\u0142em: jeden du\u017cy parking daje 16 mln rocznie &#8211; za to mo\u017cna zbudowa\u0107 dwa nowoczesne kutry. Zadaniem rz\u0105du b\u0119dzie wsparcie takiego rozwi\u0105zania. <\/p>\n","protected":false},"excerpt":{"rendered":"Zbigniew Wysocki, wsp\u00f3\u0142pracownik o. Rydzyka i prelegent Radia Maryja, jest od wczoraj wiceministrem transportu. Chce finansowa\u0107 budow\u0119 statk\u00f3w z op\u0142at za parkingi &#8211; informuje &#8222;Gazeta Wyborcza&#8221;","protected":false},"author":1,"featured_media":0,"comment_status":"open","ping_status":"closed","sticky":false,"template":"","format":"standard","meta":{"csco_display_header_overlay":false,"csco_singular_sidebar":"","csco_page_header_type":"","csco_page_load_nextpost":"","csco_post_video_location":[],"csco_post_video_location_hash":"","csco_post_video_url":"","csco_post_video_bg_start_time":0,"csco_post_video_bg_end_time":0,"footnotes":""},"categories":[9672],"tags":[],"class_list":{"0":"post-80883","1":"post","2":"type-post","3":"status-publish","4":"format-standard","6":"category-radio","7":"cs-entry","8":"cs-video-wrap"},"_links":{"self":[{"href":"https:\/\/mediarun.com\/pl\/wp-json\/wp\/v2\/posts\/80883","targetHints":{"allow":["GET"]}}],"collection":[{"href":"https:\/\/mediarun.com\/pl\/wp-json\/wp\/v2\/posts"}],"about":[{"href":"https:\/\/mediarun.com\/pl\/wp-json\/wp\/v2\/types\/post"}],"author":[{"embeddable":true,"href":"https:\/\/mediarun.com\/pl\/wp-json\/wp\/v2\/users\/1"}],"replies":[{"embeddable":true,"href":"https:\/\/mediarun.com\/pl\/wp-json\/wp\/v2\/comments?post=80883"}],"version-history":[{"count":0,"href":"https:\/\/mediarun.com\/pl\/wp-json\/wp\/v2\/posts\/80883\/revisions"}],"wp:attachment":[{"href":"https:\/\/mediarun.com\/pl\/wp-json\/wp\/v2\/media?parent=80883"}],"wp:term":[{"taxonomy":"category","embeddable":true,"href":"https:\/\/mediarun.com\/pl\/wp-json\/wp\/v2\/categories?post=80883"},{"taxonomy":"post_tag","embeddable":true,"href":"https:\/\/mediarun.com\/pl\/wp-json\/wp\/v2\/tags?post=80883"}],"curies":[{"name":"wp","href":"https:\/\/api.w.org\/{rel}","templated":true}]}}