{"id":80871,"date":"2006-02-09T06:00:00","date_gmt":"2006-02-09T05:00:00","guid":{"rendered":"https:\/\/mediarun.com\/index.php\/news-posts\/tvp-i-tvn-potwierdzaja-przejscie-durczoka\/"},"modified":"2006-02-09T06:00:00","modified_gmt":"2006-02-09T05:00:00","slug":"tvp-i-tvn-potwierdzaja-przejscie-durczoka","status":"publish","type":"post","link":"https:\/\/mediarun.com\/pl\/media\/tv\/tvp-i-tvn-potwierdzaja-przejscie-durczoka.html","title":{"rendered":"TVP i TVN potwierdzaj\u0105 przej\u015bcie Durczoka"},"content":{"rendered":"<p><P>TVP Kamil Durczok, prowadz\u0105cy dot\u0105d g\u0142\u00f3wne wydanie &#8222;Wiadomo\u015bci&#8221;, przechodzi do TVN. Jak poinformowa\u0142a w \u015brod\u0119 ta stacja Durczok zostanie redaktorem naczelnym i wsp\u00f3\u0142prowadz\u0105cym g\u0142\u00f3wne wydanie &#8222;Fakt\u00f3w&#8221; w TVN.<\/P><br \/>\n<P>W radiu RMF FM, z kt\u00f3rym Durczok wsp\u00f3\u0142pracuje powiedzia\u0142 on, \u017ce prac\u0119 w TVN najprawdopodobniej rozpocznie p\u00f3\u017an\u0105 wiosn\u0105 tego roku, na razie jest jeszcze bowiem pracownikiem TVP, &#8222;na wypowiedzeniu&#8221;.<\/P><br \/>\n<P>Jak poinformowa\u0142 w \u015brod\u0119 TVN inicjatywa podpisania umowy z Durczokiem wysz\u0142a w tym samym czasie od obu stron. &#8222;Uzna\u0142y one, \u017ce wsp\u00f3lne dzia\u0142anie otworzy now\u0105 perspektyw\u0119 rozwoju zar\u00f3wno dla &#8222;Fakt\u00f3w&#8221;, jak i dla Kamila Durczoka&#8221;.<\/P><br \/>\n<P>Prezes TVN S.A. Piotr Walter uwa\u017ca, \u017ce Durczok &#8222;jest \u015bwietnym dziennikarzem i przychodzi do \u015bwietnego zespo\u0142u&#8221;. &#8222;To tak, jakby do czo\u0142owego klubu pi\u0142karskiego przychodzi\u0142 bramkostrzelny napastnik \u015bwiatowej klasy&#8221; &#8211; podkre\u015bli\u0142 w komunikacie TVN Walter.<\/P><br \/>\n<P>Radio RMF FM poda\u0142o, \u017ce Durczok opr\u00f3cz &#8222;Fakt\u00f3w&#8221; mia\u0142by poprowadzi\u0107 tak\u017ce autorski program w TVN24. TVN nie potwierdza jednak na razie tych informacji. TVN nie potwierdza r\u00f3wnie\u017c \u015brodowych doniesie\u0144 dziennika &#8222;Fakt&#8221;, kt\u00f3ry napisa\u0142, \u017ce Durczoka w &#8222;Wiadomo\u015bciach&#8221; mia\u0142by zast\u0105pi\u0107 Bogdan Rymanowski &#8211; jeden z prowadz\u0105cych &#8222;Fakty&#8221; TVN.<\/P><br \/>\n<P>Obecny redaktor naczelny &#8222;Fakt\u00f3w&#8221; i prezes TVN 24 Adam Pieczy\u0144ski, pytany o odej\u015bcie Rymanowskiego, powiedzia\u0142, \u017ce &#8222;to, co by\u0142o napisane w niekt\u00f3rych dziennikach, mo\u017cna mi\u0119dzy bajki w\u0142o\u017cy\u0107&#8221;.<\/P><br \/>\n<P>PAP nie uda\u0142o si\u0119 w \u015brod\u0119 skontaktowa\u0107 ani z Durczokiem, ani z Rymanowskim.<\/P><\/p>\n","protected":false},"excerpt":{"rendered":"Zar\u00f3wno TVP, jak i TVN potwierdzi\u0142y ju\u017c oficjalnie medialne doniesienia o tym, \u017ce jeden z czo\u0142owych dziennikarzy&#8230;","protected":false},"author":1,"featured_media":80872,"comment_status":"open","ping_status":"closed","sticky":false,"template":"","format":"standard","meta":{"csco_display_header_overlay":false,"csco_singular_sidebar":"","csco_page_header_type":"","csco_page_load_nextpost":"","csco_post_video_location":[],"csco_post_video_location_hash":"","csco_post_video_url":"","csco_post_video_bg_start_time":0,"csco_post_video_bg_end_time":0,"footnotes":""},"categories":[9670],"tags":[1829],"class_list":{"0":"post-80871","1":"post","2":"type-post","3":"status-publish","4":"format-standard","5":"has-post-thumbnail","7":"category-tv","8":"tag-kamil-durczok","9":"cs-entry","10":"cs-video-wrap"},"_links":{"self":[{"href":"https:\/\/mediarun.com\/pl\/wp-json\/wp\/v2\/posts\/80871","targetHints":{"allow":["GET"]}}],"collection":[{"href":"https:\/\/mediarun.com\/pl\/wp-json\/wp\/v2\/posts"}],"about":[{"href":"https:\/\/mediarun.com\/pl\/wp-json\/wp\/v2\/types\/post"}],"author":[{"embeddable":true,"href":"https:\/\/mediarun.com\/pl\/wp-json\/wp\/v2\/users\/1"}],"replies":[{"embeddable":true,"href":"https:\/\/mediarun.com\/pl\/wp-json\/wp\/v2\/comments?post=80871"}],"version-history":[{"count":0,"href":"https:\/\/mediarun.com\/pl\/wp-json\/wp\/v2\/posts\/80871\/revisions"}],"wp:featuredmedia":[{"embeddable":true,"href":"https:\/\/mediarun.com\/pl\/wp-json\/wp\/v2\/media\/80872"}],"wp:attachment":[{"href":"https:\/\/mediarun.com\/pl\/wp-json\/wp\/v2\/media?parent=80871"}],"wp:term":[{"taxonomy":"category","embeddable":true,"href":"https:\/\/mediarun.com\/pl\/wp-json\/wp\/v2\/categories?post=80871"},{"taxonomy":"post_tag","embeddable":true,"href":"https:\/\/mediarun.com\/pl\/wp-json\/wp\/v2\/tags?post=80871"}],"curies":[{"name":"wp","href":"https:\/\/api.w.org\/{rel}","templated":true}]}}