{"id":80821,"date":"2006-02-10T00:23:04","date_gmt":"2006-02-09T23:23:04","guid":{"rendered":"https:\/\/mediarun.com\/index.php\/news-posts\/veracomp-oglasza-projekty-edukacyjne\/"},"modified":"2006-02-10T00:23:04","modified_gmt":"2006-02-09T23:23:04","slug":"veracomp-oglasza-projekty-edukacyjne","status":"publish","type":"post","link":"https:\/\/mediarun.com\/pl\/trendy\/branding\/veracomp-oglasza-projekty-edukacyjne.html","title":{"rendered":"Veracomp og\u0142asza projekty edukacyjne"},"content":{"rendered":"<p>W pierwszym p\u00f3\u0142roczu tego roku zaplanowano seminaria i konferencje zar\u00f3wno dla przedstawicieli polskich firm wdra\u017caj\u0105cych systemy IT, jak i dla kadry informatycznej przedsi\u0119biorstw i instytucji. Spotkania po\u015bwi\u0119cone b\u0119d\u0105 technologiom bezpiecze\u0144stwa i ochrony danych, systemom pami\u0119ci masowych oraz serwerom. Dystrybutor zorganizuje je z producentami sprz\u0119tu i oprogramowania m.in. HP, Nokia, Check Point, Internet Security Systems, F-Secure, Computer Associates, QLogic i Quantum. Odb\u0119d\u0105 si\u0119 w najwi\u0119kszych miastach Polski (m.in. Katowice, Krak\u00f3w, Warszawa, Pozna\u0144, Wroc\u0142aw, Gda\u0144sk, Rzesz\u00f3w, Szczecin, Bydgoszcz, \u0141\u00f3d\u017a) oraz na W\u0119grzech.<\/p>\n<p>Od 20 do 24 lutego oraz od 3 do 7 kwietnia odb\u0119dzie si\u0119 20 seminari\u00f3w &#8222;F-Secure Messaging Security Gateway &#8211; odpowied\u017a na nowe zagro\u017cenia w \u015brodowiskach informatycznych&#8221;. To ju\u017c trzecia edycja og\u00f3lnopolskiego cyklu seminari\u00f3w po\u015bwi\u0119conych zagadnieniom ochrony antywirusowej F-Secure. W tym roku po raz pierwszy zostanie ona zorganizowana tak\u017ce poza granicami Polski. Od 27 do 30 marca z czterech bezp\u0142atnych seminari\u00f3w b\u0119d\u0105 mogli skorzysta\u0107 resellerzy na W\u0119grzech. <\/p>\n<p>Na pocz\u0105tku marca w s\u0142owackich Tatrach spotkaj\u0105 si\u0119 firmy integracyjne specjalizuj\u0105ce si\u0119 we wdro\u017ceniach pami\u0119ci masowych. Dla nich te\u017c 17 maja zostanie zorganizowana VI edycja konferencji Storage Day.<\/p>\n<p>Na 23 i 24 marca zaplanowano I edycj\u0119 og\u00f3lnopolskiego kongresu FORT 2006 (Forum Ochrony Rozwi\u0105za\u0144 Teleinformatycznych) dla os\u00f3b odpowiedzialnych za zarz\u0105dzanie polityk\u0105 bezpiecze\u0144stwa w firmach. FORT ma by\u0107 platform\u0105 wymiany do\u015bwiadcze\u0144 i \u017ar\u00f3d\u0142em wiedzy na temat nowych technologii. W tym roku wsp\u00f3\u0142organizatorami wydarzenia b\u0119d\u0105 m.in. ISS, RSA Security, Utimaco, Blue Coat. <\/p>\n<p>W pierwszym p\u00f3\u0142roczu Veracomp skupi si\u0119 te\u017c na popularyzacji technologii serwerowych. Na kwiecie\u0144 przewidziana jest konferencja dla specjalist\u00f3w i administrator\u00f3w IT w przedsi\u0119biorstwach. Natomiast dla firm integratorskich zaplanowano cykl spotka\u0144 biznesowych na temat mo\u017cliwo\u015bci sprzeda\u017cy serwer\u00f3w na rynku polskim.<\/p>\n<p>Bezp\u0142atna edukacja informatyczna jest elementem strategii dystrybucji Veracomp. To rodzaj pomocy handlowej dla firm integratorskich, kt\u00f3ra u\u0142atwia im sprzeda\u017c i pozyskanie klient\u00f3w. <\/p>\n","protected":false},"excerpt":{"rendered":"Veracomp przedstawi\u0142 plany projekt\u00f3w edukacji informatycznej dla przedsi\u0119biorstw na pierwsze p\u00f3\u0142roczne 2006 roku. Do ko\u0144ca czerwca dystrybutor zorganizuje 32 bezp\u0142atne seminaria, konferencje i spotkania biznesowe. Sp\u00f3\u0142ka szacuje, \u017ce we\u017amie w nich udzia\u0142 ponad 2000 przedstawicieli firm.","protected":false},"author":1,"featured_media":0,"comment_status":"open","ping_status":"closed","sticky":false,"template":"","format":"standard","meta":{"csco_display_header_overlay":false,"csco_singular_sidebar":"","csco_page_header_type":"","csco_page_load_nextpost":"","csco_post_video_location":[],"csco_post_video_location_hash":"","csco_post_video_url":"","csco_post_video_bg_start_time":0,"csco_post_video_bg_end_time":0,"footnotes":""},"categories":[9658],"tags":[],"class_list":{"0":"post-80821","1":"post","2":"type-post","3":"status-publish","4":"format-standard","6":"category-branding","7":"cs-entry","8":"cs-video-wrap"},"_links":{"self":[{"href":"https:\/\/mediarun.com\/pl\/wp-json\/wp\/v2\/posts\/80821","targetHints":{"allow":["GET"]}}],"collection":[{"href":"https:\/\/mediarun.com\/pl\/wp-json\/wp\/v2\/posts"}],"about":[{"href":"https:\/\/mediarun.com\/pl\/wp-json\/wp\/v2\/types\/post"}],"author":[{"embeddable":true,"href":"https:\/\/mediarun.com\/pl\/wp-json\/wp\/v2\/users\/1"}],"replies":[{"embeddable":true,"href":"https:\/\/mediarun.com\/pl\/wp-json\/wp\/v2\/comments?post=80821"}],"version-history":[{"count":0,"href":"https:\/\/mediarun.com\/pl\/wp-json\/wp\/v2\/posts\/80821\/revisions"}],"wp:attachment":[{"href":"https:\/\/mediarun.com\/pl\/wp-json\/wp\/v2\/media?parent=80821"}],"wp:term":[{"taxonomy":"category","embeddable":true,"href":"https:\/\/mediarun.com\/pl\/wp-json\/wp\/v2\/categories?post=80821"},{"taxonomy":"post_tag","embeddable":true,"href":"https:\/\/mediarun.com\/pl\/wp-json\/wp\/v2\/tags?post=80821"}],"curies":[{"name":"wp","href":"https:\/\/api.w.org\/{rel}","templated":true}]}}