{"id":80790,"date":"2006-02-10T10:49:51","date_gmt":"2006-02-10T09:49:51","guid":{"rendered":"https:\/\/mediarun.com\/index.php\/news-posts\/tvn-style-bez-radziszewskiej\/"},"modified":"2006-02-10T10:49:51","modified_gmt":"2006-02-10T09:49:51","slug":"tvn-style-bez-radziszewskiej","status":"publish","type":"post","link":"https:\/\/mediarun.com\/pl\/media\/tv\/tvn-style-bez-radziszewskiej.html","title":{"rendered":"TVN Style bez Radziszewskiej"},"content":{"rendered":"<p>&#8211; Wydawnictwo G+J oficjalnie nie wypowiada si\u0119 i nie komentuje informacji dotycz\u0105cych plan\u00f3w zawodowych pani Iwony Radziszewskiej zwi\u0105zanych z naszym wydawnictwem &#8211; m\u00f3wi nam Micha\u0142 Brudzy\u0144ski, dyrektor marketingu ds. korporacyjnych G+J Polska.<\/p>\n<p>Iwona Radziszewska kierowa\u0142a TVN Style od pocz\u0105tku istnienia kana\u0142u. Wcze\u015bniej m.in. prowadzi\u0142a &#8222;Fakty&#8221; w TVN.<\/p>\n","protected":false},"excerpt":{"rendered":"Iwona Radziszewska, szefowa kana\u0142u TVN Style, odesz\u0142a ze stacji. Wed\u0142ug informacji &#8222;Press&#8221;, dziennikarka b\u0119dzie kierowa\u0107 projektem nowego magazynu dla kobiet w wydawnictwie G+J Polska. W TVN Style zast\u0105pi j\u0105 Yvette \u017b\u00f3\u0142towska &#8211; Darska, dyrektor ds. kana\u0142\u00f3w tematycznych w TVN 24.","protected":false},"author":1,"featured_media":0,"comment_status":"open","ping_status":"closed","sticky":false,"template":"","format":"standard","meta":{"csco_display_header_overlay":false,"csco_singular_sidebar":"","csco_page_header_type":"","csco_page_load_nextpost":"","csco_post_video_location":[],"csco_post_video_location_hash":"","csco_post_video_url":"","csco_post_video_bg_start_time":0,"csco_post_video_bg_end_time":0,"footnotes":""},"categories":[9670],"tags":[],"class_list":{"0":"post-80790","1":"post","2":"type-post","3":"status-publish","4":"format-standard","6":"category-tv","7":"cs-entry","8":"cs-video-wrap"},"_links":{"self":[{"href":"https:\/\/mediarun.com\/pl\/wp-json\/wp\/v2\/posts\/80790","targetHints":{"allow":["GET"]}}],"collection":[{"href":"https:\/\/mediarun.com\/pl\/wp-json\/wp\/v2\/posts"}],"about":[{"href":"https:\/\/mediarun.com\/pl\/wp-json\/wp\/v2\/types\/post"}],"author":[{"embeddable":true,"href":"https:\/\/mediarun.com\/pl\/wp-json\/wp\/v2\/users\/1"}],"replies":[{"embeddable":true,"href":"https:\/\/mediarun.com\/pl\/wp-json\/wp\/v2\/comments?post=80790"}],"version-history":[{"count":0,"href":"https:\/\/mediarun.com\/pl\/wp-json\/wp\/v2\/posts\/80790\/revisions"}],"wp:attachment":[{"href":"https:\/\/mediarun.com\/pl\/wp-json\/wp\/v2\/media?parent=80790"}],"wp:term":[{"taxonomy":"category","embeddable":true,"href":"https:\/\/mediarun.com\/pl\/wp-json\/wp\/v2\/categories?post=80790"},{"taxonomy":"post_tag","embeddable":true,"href":"https:\/\/mediarun.com\/pl\/wp-json\/wp\/v2\/tags?post=80790"}],"curies":[{"name":"wp","href":"https:\/\/api.w.org\/{rel}","templated":true}]}}