{"id":80784,"date":"2006-02-10T19:32:36","date_gmt":"2006-02-10T18:32:36","guid":{"rendered":"https:\/\/mediarun.com\/index.php\/news-posts\/poloneza-czas-zaczac-w-radomiu\/"},"modified":"2006-02-10T19:32:36","modified_gmt":"2006-02-10T18:32:36","slug":"poloneza-czas-zaczac-w-radomiu","status":"publish","type":"post","link":"https:\/\/mediarun.com\/pl\/media\/radio\/poloneza-czas-zaczac-w-radomiu.html","title":{"rendered":"&#8222;Poloneza czas zacz\u0105\u0107&#8221; w Radomiu"},"content":{"rendered":"<p>&#8211; Polonez na naszej antenie nie jest sygna\u0142em o zmianie formatu na klasyczny &#8211; wyja\u015bnia ks. Jacek Wieczorek, dyrektor Radia Plus Radom. &#8211; Rozpoczynamy w ten spos\u00f3b towarzyszenie maturzystom w przygotowaniu do egzamin\u00f3w, a tak\u017ce w wyborze szk\u00f3\u0142 wy\u017cszych &#8211; dodaje.<\/p>\n<p>Radio Plus radom przygotuje r\u00f3wnie\u017c specjalne programy. Na antenie stacji nie zabraknie te\u017c muzyki, przy kt\u00f3rej mo\u017cna si\u0119 zar\u00f3wno zrelaksowa\u0107 jak i uczy\u0107.<\/p>\n","protected":false},"excerpt":{"rendered":"Radio Plus Radom, &#8222;Gazeta Wyborcza&#8221; i Urz\u0105d Miasta Radomia zorganizowali akcj\u0119 &#8222;Poloneza czas zacz\u0105\u0107&#8221;. W pi\u0105tek w samo po\u0142udnie korow\u00f3d ponad 700 par tegorocznych maturzyst\u00f3w Radomia ruszy\u0142 dooko\u0142a radomskiego placu Konstytucji 3-iego Maja.","protected":false},"author":1,"featured_media":80785,"comment_status":"open","ping_status":"closed","sticky":false,"template":"","format":"standard","meta":{"csco_display_header_overlay":false,"csco_singular_sidebar":"","csco_page_header_type":"","csco_page_load_nextpost":"","csco_post_video_location":[],"csco_post_video_location_hash":"","csco_post_video_url":"","csco_post_video_bg_start_time":0,"csco_post_video_bg_end_time":0,"footnotes":""},"categories":[9672],"tags":[],"class_list":{"0":"post-80784","1":"post","2":"type-post","3":"status-publish","4":"format-standard","5":"has-post-thumbnail","7":"category-radio","8":"cs-entry","9":"cs-video-wrap"},"_links":{"self":[{"href":"https:\/\/mediarun.com\/pl\/wp-json\/wp\/v2\/posts\/80784","targetHints":{"allow":["GET"]}}],"collection":[{"href":"https:\/\/mediarun.com\/pl\/wp-json\/wp\/v2\/posts"}],"about":[{"href":"https:\/\/mediarun.com\/pl\/wp-json\/wp\/v2\/types\/post"}],"author":[{"embeddable":true,"href":"https:\/\/mediarun.com\/pl\/wp-json\/wp\/v2\/users\/1"}],"replies":[{"embeddable":true,"href":"https:\/\/mediarun.com\/pl\/wp-json\/wp\/v2\/comments?post=80784"}],"version-history":[{"count":0,"href":"https:\/\/mediarun.com\/pl\/wp-json\/wp\/v2\/posts\/80784\/revisions"}],"wp:featuredmedia":[{"embeddable":true,"href":"https:\/\/mediarun.com\/pl\/wp-json\/wp\/v2\/media\/80785"}],"wp:attachment":[{"href":"https:\/\/mediarun.com\/pl\/wp-json\/wp\/v2\/media?parent=80784"}],"wp:term":[{"taxonomy":"category","embeddable":true,"href":"https:\/\/mediarun.com\/pl\/wp-json\/wp\/v2\/categories?post=80784"},{"taxonomy":"post_tag","embeddable":true,"href":"https:\/\/mediarun.com\/pl\/wp-json\/wp\/v2\/tags?post=80784"}],"curies":[{"name":"wp","href":"https:\/\/api.w.org\/{rel}","templated":true}]}}