{"id":80779,"date":"2006-02-11T15:51:58","date_gmt":"2006-02-11T14:51:58","guid":{"rendered":"https:\/\/mediarun.com\/index.php\/news-posts\/magda-m-powroci-7-marca\/"},"modified":"2006-02-11T15:51:58","modified_gmt":"2006-02-11T14:51:58","slug":"magda-m-powroci-7-marca","status":"publish","type":"post","link":"https:\/\/mediarun.com\/pl\/media\/tv\/magda-m-powroci-7-marca.html","title":{"rendered":"Magda M. powr\u00f3ci 7 marca"},"content":{"rendered":"<p>Dziennikarze mogli porozmawia\u0107 z dotychczasowym re\u017cyserem Maciejem Dejczerem, kt\u00f3rego ju\u017c nied\u0142ugo na planie zast\u0105pi Krzysztof Lang, a tak\u017ce ze scenarzyst\u0105 Rados\u0142awem Figur\u0105 i producentami serialu.<\/p>\n<p><?plik(4397,'center','Re\u017cyser serialu na planie\/fot. magdam.onet.pl')?> <\/p>\n<p>Serial emitowany b\u0119dzie o sta\u0142ej porze, we wtorki o 21.30. Dalsze losy bohater\u00f3w filmu zawarte bed\u0119 w 15 nowych odcinkach.<\/p>\n<p>Podczas konferencji zaprezentowano tak\u017ce soundtrack produkcji, kt\u00f3ry b\u0119dzie mo\u017cna zakupi\u0107 od 13 lutego. P\u0142yta &#8222;Magda M. piosenki nie tylko o mi\u0142o\u015bci&#8230;&#8221;!  zawiera 16 utwor\u00f3w, motywy muzyczne oraz zdj\u0119cia z serialu.<\/p>\n<p><?plik(4396,'center','Ok\u0142adka p\u0142yty')?> <\/p>\n<p>Historia Magdy i Piotra to opowie\u015b\u0107 o kobiecie i m\u0119\u017cczy\u017anie, kt\u00f3rzy na poz\u00f3r stworzeni dla siebie, w \u017caden spos\u00f3b nie mog\u0105 si\u0119 &#8222;zej\u015b\u0107&#8221;, dopasowa\u0107, pogodzi\u0107, a w ko\u0144cu pokocha\u0107. Przeszkadzaj\u0105 im w tym przede wszystkim do\u015bwiadczenia \u017cyciowe. Oboje s\u0105 zranieni emocjonalnie i nie bardzo potrafi\u0105 sobie z tym poradzi\u0107. W dodatku dzieli ich zar\u00f3wno odmienno\u015b\u0107 charakter\u00f3w, jak i przekora i potrzeba stawiania na swoim. Magda i Piotr czuj\u0105 wzajemne przyci\u0105ganie, ale jako ludzie ambitni i niezale\u017cni nie chc\u0105 mu si\u0119 podda\u0107. Udaj\u0105 &#8211; nawet sami przed sob\u0105 &#8211;  \u017ce &#8222;ich to nie dotyczy&#8221;&#8230;<\/p>\n<p>Przedostatni, czternasty odcinek &#8222;Magdy M.&#8221; ogl\u0105da\u0142o ponad 3.500.000 os\u00f3b.<\/p>\n","protected":false},"excerpt":{"rendered":"We wtorek, 7 marca telewizja TVN rozpocznie emisj\u0119 drugiej serii serialu obyczajowego &#8222;Magda M.&#8221; W pi\u0105tek w warszawskim Klubie Flayers odby\u0142a si\u0119 konferencja prasowa z udzia\u0142em wi\u0119kszo\u015bci aktor\u00f3w graj\u0105cych w obsadzie g\u0142\u00f3wnej produkcji.","protected":false},"author":1,"featured_media":0,"comment_status":"open","ping_status":"closed","sticky":false,"template":"","format":"standard","meta":{"csco_display_header_overlay":false,"csco_singular_sidebar":"","csco_page_header_type":"","csco_page_load_nextpost":"","csco_post_video_location":[],"csco_post_video_location_hash":"","csco_post_video_url":"","csco_post_video_bg_start_time":0,"csco_post_video_bg_end_time":0,"footnotes":""},"categories":[9670],"tags":[],"class_list":{"0":"post-80779","1":"post","2":"type-post","3":"status-publish","4":"format-standard","6":"category-tv","7":"cs-entry","8":"cs-video-wrap"},"_links":{"self":[{"href":"https:\/\/mediarun.com\/pl\/wp-json\/wp\/v2\/posts\/80779","targetHints":{"allow":["GET"]}}],"collection":[{"href":"https:\/\/mediarun.com\/pl\/wp-json\/wp\/v2\/posts"}],"about":[{"href":"https:\/\/mediarun.com\/pl\/wp-json\/wp\/v2\/types\/post"}],"author":[{"embeddable":true,"href":"https:\/\/mediarun.com\/pl\/wp-json\/wp\/v2\/users\/1"}],"replies":[{"embeddable":true,"href":"https:\/\/mediarun.com\/pl\/wp-json\/wp\/v2\/comments?post=80779"}],"version-history":[{"count":0,"href":"https:\/\/mediarun.com\/pl\/wp-json\/wp\/v2\/posts\/80779\/revisions"}],"wp:attachment":[{"href":"https:\/\/mediarun.com\/pl\/wp-json\/wp\/v2\/media?parent=80779"}],"wp:term":[{"taxonomy":"category","embeddable":true,"href":"https:\/\/mediarun.com\/pl\/wp-json\/wp\/v2\/categories?post=80779"},{"taxonomy":"post_tag","embeddable":true,"href":"https:\/\/mediarun.com\/pl\/wp-json\/wp\/v2\/tags?post=80779"}],"curies":[{"name":"wp","href":"https:\/\/api.w.org\/{rel}","templated":true}]}}