{"id":80778,"date":"2006-02-11T23:07:26","date_gmt":"2006-02-11T22:07:26","guid":{"rendered":"https:\/\/mediarun.com\/index.php\/news-posts\/durczok-szczegoly-w-kwietniu\/"},"modified":"2006-02-11T23:07:26","modified_gmt":"2006-02-11T22:07:26","slug":"durczok-szczegoly-w-kwietniu","status":"publish","type":"post","link":"https:\/\/mediarun.com\/pl\/media\/tv\/durczok-szczegoly-w-kwietniu.html","title":{"rendered":"Durczok: Szczeg\u00f3\u0142y w kwietniu"},"content":{"rendered":"<p>&#8211; Co do szczeg\u00f3\u0142\u00f3w mojej obecno\u015bci w Faktach &#8211; informacje pojawi\u0105 si\u0119 pewnie dopiero w kwietniu.  &#8211; powiedzia\u0142 wortalowi internetowemu MediaLink.pl Kamil Durczok <\/p>\n<p>Kamil Durczok przed paroma dniami po\u017cegna\u0142 si\u0119 z widzami Telewizji Polskiej. Zanim rozpocznie prac\u0119 w TVN &#8211; obowi\u0105zuje go paromiesi\u0119czny okres wypowiedzenia. Pierwsze &#8222;Fakty&#8221; z najpopularniejszym dziennikarzem &#8222;Wiadomo\u015bci&#8221; TVP zobaczymy w maju. <\/p>\n<p>Nieoficjalnie m\u00f3wi si\u0119 o autorskim magazynie Durczoka w TVN24 i programie publicystycznym podobnym do &#8222;Debaty&#8221; w TVN. Ten drugi projekt m\u00f3g\u0142by jednak ruszy\u0107 dopiero jesieni\u0105. Szczeg\u00f3\u0142y wiosennej ram\u00f3wki TVN poznamy w \u015brod\u0119.  <\/p>\n<p>By\u0142y dziennikarz TVP wypowiada si\u0119 bardzo pozytywnie o swoim dotychczasowym miejscu pracy. Zdaniem prasy &#8211; jego miejsce na Woronicza m\u00f3g\u0142by zaj\u0105\u0107 Bogdan Rymanowski. Prezenter &#8222;Fakt\u00f3w&#8221; w rozmowie z nami powstrzyma\u0142 si\u0119 od komentowania ostatnich wydarze\u0144, a zarz\u0105d TVN zaprzecza, jakoby Rymanowski nosi\u0142 si\u0119 z zamiarem odej\u015bcia. <\/p>\n","protected":false},"excerpt":{"rendered":"Kamil Durczok rozpocznie prac\u0119 w &#8222;Faktach&#8221; TVN w maju. Niekt\u00f3re media spekulowa\u0142y, \u017ce poza prac\u0105 w sztandarowym programie informacyjnym stacji Waltera &#8211; poprowadzi te\u017c w\u0142asny magazyn w TVN24. O tym jak b\u0119dzie w rzeczywisto\u015bci &#8211; nie dowiemy si\u0119 pr\u0119dko.","protected":false},"author":1,"featured_media":0,"comment_status":"open","ping_status":"closed","sticky":false,"template":"","format":"standard","meta":{"csco_display_header_overlay":false,"csco_singular_sidebar":"","csco_page_header_type":"","csco_page_load_nextpost":"","csco_post_video_location":[],"csco_post_video_location_hash":"","csco_post_video_url":"","csco_post_video_bg_start_time":0,"csco_post_video_bg_end_time":0,"footnotes":""},"categories":[9670],"tags":[],"class_list":{"0":"post-80778","1":"post","2":"type-post","3":"status-publish","4":"format-standard","6":"category-tv","7":"cs-entry","8":"cs-video-wrap"},"_links":{"self":[{"href":"https:\/\/mediarun.com\/pl\/wp-json\/wp\/v2\/posts\/80778","targetHints":{"allow":["GET"]}}],"collection":[{"href":"https:\/\/mediarun.com\/pl\/wp-json\/wp\/v2\/posts"}],"about":[{"href":"https:\/\/mediarun.com\/pl\/wp-json\/wp\/v2\/types\/post"}],"author":[{"embeddable":true,"href":"https:\/\/mediarun.com\/pl\/wp-json\/wp\/v2\/users\/1"}],"replies":[{"embeddable":true,"href":"https:\/\/mediarun.com\/pl\/wp-json\/wp\/v2\/comments?post=80778"}],"version-history":[{"count":0,"href":"https:\/\/mediarun.com\/pl\/wp-json\/wp\/v2\/posts\/80778\/revisions"}],"wp:attachment":[{"href":"https:\/\/mediarun.com\/pl\/wp-json\/wp\/v2\/media?parent=80778"}],"wp:term":[{"taxonomy":"category","embeddable":true,"href":"https:\/\/mediarun.com\/pl\/wp-json\/wp\/v2\/categories?post=80778"},{"taxonomy":"post_tag","embeddable":true,"href":"https:\/\/mediarun.com\/pl\/wp-json\/wp\/v2\/tags?post=80778"}],"curies":[{"name":"wp","href":"https:\/\/api.w.org\/{rel}","templated":true}]}}