{"id":80777,"date":"2006-02-12T13:39:14","date_gmt":"2006-02-12T12:39:14","guid":{"rendered":"https:\/\/mediarun.com\/index.php\/news-posts\/nowy-format-tvn\/"},"modified":"2006-02-12T13:39:14","modified_gmt":"2006-02-12T12:39:14","slug":"nowy-format-tvn","status":"publish","type":"post","link":"https:\/\/mediarun.com\/pl\/media\/tv\/nowy-format-tvn.html","title":{"rendered":"Nowy format TVN"},"content":{"rendered":"<p>Bohaterami programu s\u0105 ludzie, kt\u00f3rzy odpowiedzieli na zamieszczony na \u0142amach prasy og\u0142oszenie o prac\u0119 w agencji detektywistycznej. Wybrani w wyniku intensywnej selekcji, nie\u015bwiadomi uczestnicy przedsi\u0119wzi\u0119cia rozpoczynaj\u0105 wsp\u00f3\u0142prac\u0119 z tytu\u0142ow\u0105 agencj\u0105.<\/p>\n<p>Wykonuj\u0105 zlecenia i zmagaj\u0105 si\u0119 z ukartowanymi przez producent\u00f3w sytuacjami. Wszystko odbywa si\u0119 pod czujnym okiem kamer. Poznana po pewnym czasie prawda o wykonywanej pracy dla wielu b\u0119dzie zaskoczeniem.<\/p>\n<p>Szczeg\u00f3\u0142y dotycz\u0105ce programu oraz pozosta\u0142ych ram\u00f3wkowych nowo\u015bci zostan\u0105 ujawnione w \u015brod\u0119, podczas specjalnej konferencji prasowej po\u015bwi\u0119conej prezentacji oferty TVN na wiosn\u0119.<\/p>\n","protected":false},"excerpt":{"rendered":"Poznajemy kolejne elementy wiosennej ram\u00f3wki TVN. W marcu na antenie komercyjnej stacji pojawi si\u0119 nieznany na polskim rynku format &#8222;Agencja&#8221;. Audycja \u0142\u0105czy rzeczywisto\u015b\u0107 z wymy\u015blon\u0105 przez jej producent\u00f3w fikcj\u0105.","protected":false},"author":1,"featured_media":0,"comment_status":"open","ping_status":"closed","sticky":false,"template":"","format":"standard","meta":{"csco_display_header_overlay":false,"csco_singular_sidebar":"","csco_page_header_type":"","csco_page_load_nextpost":"","csco_post_video_location":[],"csco_post_video_location_hash":"","csco_post_video_url":"","csco_post_video_bg_start_time":0,"csco_post_video_bg_end_time":0,"footnotes":""},"categories":[9670],"tags":[],"class_list":{"0":"post-80777","1":"post","2":"type-post","3":"status-publish","4":"format-standard","6":"category-tv","7":"cs-entry","8":"cs-video-wrap"},"_links":{"self":[{"href":"https:\/\/mediarun.com\/pl\/wp-json\/wp\/v2\/posts\/80777","targetHints":{"allow":["GET"]}}],"collection":[{"href":"https:\/\/mediarun.com\/pl\/wp-json\/wp\/v2\/posts"}],"about":[{"href":"https:\/\/mediarun.com\/pl\/wp-json\/wp\/v2\/types\/post"}],"author":[{"embeddable":true,"href":"https:\/\/mediarun.com\/pl\/wp-json\/wp\/v2\/users\/1"}],"replies":[{"embeddable":true,"href":"https:\/\/mediarun.com\/pl\/wp-json\/wp\/v2\/comments?post=80777"}],"version-history":[{"count":0,"href":"https:\/\/mediarun.com\/pl\/wp-json\/wp\/v2\/posts\/80777\/revisions"}],"wp:attachment":[{"href":"https:\/\/mediarun.com\/pl\/wp-json\/wp\/v2\/media?parent=80777"}],"wp:term":[{"taxonomy":"category","embeddable":true,"href":"https:\/\/mediarun.com\/pl\/wp-json\/wp\/v2\/categories?post=80777"},{"taxonomy":"post_tag","embeddable":true,"href":"https:\/\/mediarun.com\/pl\/wp-json\/wp\/v2\/tags?post=80777"}],"curies":[{"name":"wp","href":"https:\/\/api.w.org\/{rel}","templated":true}]}}