{"id":80736,"date":"2006-02-13T15:17:02","date_gmt":"2006-02-13T14:17:02","guid":{"rendered":"https:\/\/mediarun.com\/index.php\/news-posts\/zmiany-w-katolickim-radiu-ciechanow\/"},"modified":"2006-02-13T15:17:02","modified_gmt":"2006-02-13T14:17:02","slug":"zmiany-w-katolickim-radiu-ciechanow","status":"publish","type":"post","link":"https:\/\/mediarun.com\/pl\/media\/radio\/zmiany-w-katolickim-radiu-ciechanow.html","title":{"rendered":"Zmiany w Katolickim Radiu Ciechan\u00f3w"},"content":{"rendered":"<p>Zmiany w Katolickim Radiu Ciechan\u00f3w zostan\u0105 wprowadzone 27 lutego. Ich autor Bartek Matusiak, szef anteny stacji, wyja\u015bnia, \u017ce dwuznaczno\u015b\u0107 has\u0142a &#8222;Boska stacja!&#8221; idealnie pasuje do tych zmian. &#8211; Nowoczesne jingle, fillery, wiadomo\u015bci z regionu, a tak\u017ce z \u017cycia Ko\u015bcio\u0142a, do tego \u015bwietna muzyka chrze\u015bcija\u0144ska i \u015bwiecka. Nie zabraknie te\u017c program\u00f3w interaktywnych, dzi\u0119ki kt\u00f3rym b\u0119dziemy mogli dyskutowa\u0107 ze s\u0142uchaczami na bie\u017c\u0105ce tematy, nie polityczne, lecz spo\u0142eczne &#8211; t\u0142umaczy nam Matusiak.<\/p>\n<p>W\u015br\u00f3d nowych pasm stacja przygotowa\u0142a poranny program &#8222;Dzie\u0144 dobry na 103,9 FM&#8221; (od 6 do 9) oraz audycj\u0119 interaktywn\u0105 (od 9 do 12 oraz od 15 do 18). Od\u015bwie\u017cone zostan\u0105 r\u00f3wnie\u017c &#8222;Wiadomo\u015bci regionalne&#8221;.<\/p>\n<p>Zmiany promowa\u0107 b\u0119dzie miesi\u0119cznika kampania reklamowa &#8222;Boska stacja! &#8211; 103,9 FM&#8221;. Obejmie ona pras\u0119 lokaln\u0105 (m.in. &#8222;\u017bycie P\u0142o\u0144ska&#8221;, &#8222;Tygodnik Ciechanowski&#8221;) oraz Internet (oficjalna strona KRC i &#8222;Dziennika p\u00f3\u0142nocnego Mazowsza&#8221;. Rozg\u0142o\u015bnia przygotowa\u0142a kreacj\u0119 i kupi\u0142a media we w\u0142asnym zakresie.<\/p>\n<p>Przypomnijmy, \u017ce od 9 stycznia Katolickie Radio Ciechan\u00f3w, na swojej stronie internetowej udost\u0119pnia za darmo audycje &#8222;Porady i Studio Gazety Prawnej&#8221;. <\/p>\n","protected":false},"excerpt":{"rendered":"&#8222;Boska stacja!&#8221; &#8211; to nowy liner Katolickiego Radia Ciechan\u00f3w, kt\u00f3rego w\u0142a\u015bcicielem jest diecezja p\u0142ocka. Wraz ze zmian\u0105 has\u0142a na antenie rozg\u0142o\u015bni pojawi\u0105 si\u0119 r\u00f3wnie\u017c nowe jingle i nowe pasma programowe. Stacja przeprowadzi r\u00f3wnie\u017c kampani\u0119 reklamow\u0105.","protected":false},"author":1,"featured_media":0,"comment_status":"open","ping_status":"closed","sticky":false,"template":"","format":"standard","meta":{"csco_display_header_overlay":false,"csco_singular_sidebar":"","csco_page_header_type":"","csco_page_load_nextpost":"","csco_post_video_location":[],"csco_post_video_location_hash":"","csco_post_video_url":"","csco_post_video_bg_start_time":0,"csco_post_video_bg_end_time":0,"footnotes":""},"categories":[9672],"tags":[],"class_list":{"0":"post-80736","1":"post","2":"type-post","3":"status-publish","4":"format-standard","6":"category-radio","7":"cs-entry","8":"cs-video-wrap"},"_links":{"self":[{"href":"https:\/\/mediarun.com\/pl\/wp-json\/wp\/v2\/posts\/80736","targetHints":{"allow":["GET"]}}],"collection":[{"href":"https:\/\/mediarun.com\/pl\/wp-json\/wp\/v2\/posts"}],"about":[{"href":"https:\/\/mediarun.com\/pl\/wp-json\/wp\/v2\/types\/post"}],"author":[{"embeddable":true,"href":"https:\/\/mediarun.com\/pl\/wp-json\/wp\/v2\/users\/1"}],"replies":[{"embeddable":true,"href":"https:\/\/mediarun.com\/pl\/wp-json\/wp\/v2\/comments?post=80736"}],"version-history":[{"count":0,"href":"https:\/\/mediarun.com\/pl\/wp-json\/wp\/v2\/posts\/80736\/revisions"}],"wp:attachment":[{"href":"https:\/\/mediarun.com\/pl\/wp-json\/wp\/v2\/media?parent=80736"}],"wp:term":[{"taxonomy":"category","embeddable":true,"href":"https:\/\/mediarun.com\/pl\/wp-json\/wp\/v2\/categories?post=80736"},{"taxonomy":"post_tag","embeddable":true,"href":"https:\/\/mediarun.com\/pl\/wp-json\/wp\/v2\/tags?post=80736"}],"curies":[{"name":"wp","href":"https:\/\/api.w.org\/{rel}","templated":true}]}}