{"id":80735,"date":"2006-02-13T15:41:33","date_gmt":"2006-02-13T14:41:33","guid":{"rendered":"https:\/\/mediarun.com\/index.php\/news-posts\/nie-bedzie-radia-bbc-w-polsce\/"},"modified":"2006-02-13T15:41:33","modified_gmt":"2006-02-13T14:41:33","slug":"nie-bedzie-radia-bbc-w-polsce","status":"publish","type":"post","link":"https:\/\/mediarun.com\/pl\/media\/radio\/nie-bedzie-radia-bbc-w-polsce.html","title":{"rendered":"Nie b\u0119dzie radia BBC w Polsce"},"content":{"rendered":"<p>KRRiT uchwa\u0142\u0119 w sprawie udzielenia koncesji na rozpowszechnianie programu radiowego w Warszawie wyda\u0142a w sierpniu zesz\u0142ego roku. P\u00f3\u017aniej podj\u0119to decyzj\u0119 o likwidacji polskiej redakcji BBC. W po\u0142owie grudnia BBC Polska zwr\u00f3ci\u0142a si\u0119 do KRRiT z wnioskiem o wstrzymanie post\u0119powania koncesyjnego. <\/p>\n<p>&#8211; Pro\u015bba motywowana jest potrzeb\u0105 czasu na ostateczne podj\u0119cie decyzji przez BBC Polska w sprawie odpowiedzi na promes\u0119 koncesji na radio informacyjno-publicystyczne &#8211; t\u0142umaczy\u0142a nam wtedy redakcja polska BBC.<\/p>\n<p>Teraz po tym jak BBC Polska zwr\u00f3ci\u0142a si\u0119 z pro\u015bb\u0105 o umorzenie post\u0119powania Krajowa Rada zdecyduje o losach warszawskiej cz\u0119stotliwo\u015bci. &#8211; Mo\u017cliwo\u015b\u0107 wykorzystania cz\u0119stotliwo\u015bci jest czasowo ograniczona &#8211; wyja\u015bnia nam Agnieszka Ogrodowczyk. Program mo\u017ce by\u0107 nadawany tylko mi\u0119dzy p\u00f3\u0142noc\u0105, a godzin\u0105 12. &#8211; Nie wiadomo czy b\u0119dzie kto\u015b zainteresowany tworzenie programu o takich ograniczeniach &#8211; dodaje dyrektor departamentu koncesyjnego KRRiT.<\/p>\n","protected":false},"excerpt":{"rendered":"BBC Polska nie stworzy w Polsce stacji radiowej. BBC zwr\u00f3ci\u0142a si\u0119 do KRRiT z pro\u015bb\u0105 o umorzenie post\u0119powania w sprawie udzielenia koncesji na program w Warszawie. &#8211; BBC argumentowa\u0142a sw\u00f3j wniosek wzgl\u0119dami finansowymi i organizacyjnymi &#8211; m\u00f3wi nam Agnieszka Ogrodowczyk, dyrektor departamentu koncesyjnego KRRiT.","protected":false},"author":1,"featured_media":0,"comment_status":"open","ping_status":"closed","sticky":false,"template":"","format":"standard","meta":{"csco_display_header_overlay":false,"csco_singular_sidebar":"","csco_page_header_type":"","csco_page_load_nextpost":"","csco_post_video_location":[],"csco_post_video_location_hash":"","csco_post_video_url":"","csco_post_video_bg_start_time":0,"csco_post_video_bg_end_time":0,"footnotes":""},"categories":[9672],"tags":[],"class_list":{"0":"post-80735","1":"post","2":"type-post","3":"status-publish","4":"format-standard","6":"category-radio","7":"cs-entry","8":"cs-video-wrap"},"_links":{"self":[{"href":"https:\/\/mediarun.com\/pl\/wp-json\/wp\/v2\/posts\/80735","targetHints":{"allow":["GET"]}}],"collection":[{"href":"https:\/\/mediarun.com\/pl\/wp-json\/wp\/v2\/posts"}],"about":[{"href":"https:\/\/mediarun.com\/pl\/wp-json\/wp\/v2\/types\/post"}],"author":[{"embeddable":true,"href":"https:\/\/mediarun.com\/pl\/wp-json\/wp\/v2\/users\/1"}],"replies":[{"embeddable":true,"href":"https:\/\/mediarun.com\/pl\/wp-json\/wp\/v2\/comments?post=80735"}],"version-history":[{"count":0,"href":"https:\/\/mediarun.com\/pl\/wp-json\/wp\/v2\/posts\/80735\/revisions"}],"wp:attachment":[{"href":"https:\/\/mediarun.com\/pl\/wp-json\/wp\/v2\/media?parent=80735"}],"wp:term":[{"taxonomy":"category","embeddable":true,"href":"https:\/\/mediarun.com\/pl\/wp-json\/wp\/v2\/categories?post=80735"},{"taxonomy":"post_tag","embeddable":true,"href":"https:\/\/mediarun.com\/pl\/wp-json\/wp\/v2\/tags?post=80735"}],"curies":[{"name":"wp","href":"https:\/\/api.w.org\/{rel}","templated":true}]}}