{"id":80734,"date":"2006-02-13T15:42:44","date_gmt":"2006-02-13T14:42:44","guid":{"rendered":"https:\/\/mediarun.com\/index.php\/news-posts\/ogladalnosc-ceremonii-otwarcia-zio\/"},"modified":"2006-02-13T15:42:44","modified_gmt":"2006-02-13T14:42:44","slug":"ogladalnosc-ceremonii-otwarcia-zio","status":"publish","type":"post","link":"https:\/\/mediarun.com\/pl\/media\/tv\/ogladalnosc-ceremonii-otwarcia-zio.html","title":{"rendered":"Ogl\u0105dalno\u015b\u0107 ceremonii otwarcia ZIO"},"content":{"rendered":"<p>Jednak jeszcze wi\u0119ksz\u0105 widowni\u0119 mia\u0142a transmisja skok\u00f3w narciarskich na \u015bredniej skoczni. 12 lutego przed telewizorami nastawionymi na TVP1 zasiad\u0142o 8 867 tys. widz\u00f3w (udzia\u0142y 58 proc.). <\/p>\n<p>Telewizja publiczna b\u0119dzie relacjonowa\u0107 igrzyska na trzech antenach &#8211; TVP1, TVP2 i TVP3 Regionalnej. Ka\u017cdego dnia transmisje zajm\u0105 ok. 16 godzin. <\/p>\n<p>Najwi\u0119kszym wydarzeniem minionego weekendu w telewizji by\u0142y Igrzyska Olimpijskie w Turynie, kt\u00f3re wed\u0142ug danych AGB Nielsen Media Research ogl\u0105da\u0142o \u015brednio 4,1 mln widz\u00f3w (w ogl\u0105dalno\u015bci nie uwzgl\u0119dniono retransmisji). Jednak\u017ce najwi\u0119cej widz\u00f3w skupi\u0142a przed telewizorem transmisja nadawana w niedziel\u0119 o 17.20, kt\u00f3r\u0105 ogl\u0105da\u0142o 8,3 mln widz\u00f3w (czyli ponad po\u0142ow\u0119 widowni zasiadaj\u0105cej w tych godzinach przed telewizorami). W trakcie tej emisji mia\u0142 miejsce konkurs w skokach narciarskich na \u015bredniej skoczni, w kt\u00f3rym Adam Ma\u0142ysz zaj\u0105\u0142 si\u00f3dme miejsce. Pierwsz\u0105 cz\u0119\u015b\u0107 skok\u00f3w ogl\u0105da\u0142o 8,1 mln widz\u00f3w, drug\u0105 cz\u0119\u015b\u0107 &#8211; 9,3 mln widz\u00f3w. \u015arednio obie cz\u0119\u015bci konkursu narciarskiego ogl\u0105da\u0142o 8,5 mln widz\u00f3w. <\/p>\n<p>Cztery lata temu Igrzyska Olimpijskie w Salt Lake City emitowane w TVP 1, TVP 2 i TVP 3, zgromadzi\u0142y \u015brednio przed telewizorem 1,8 mln widz\u00f3w. Najwi\u0119ksz\u0105 popularno\u015bci\u0105 cieszy\u0142y si\u0119 skoki narciarskie &#8211; rekordowa ogl\u0105dalno\u015b\u0107 wynios\u0142a 13,3 mln widz\u00f3w 13 lutego 2002 roku (transmisja o 17.30). Adam Ma\u0142ysz z tej Olimpiady przywi\u00f3z\u0142 srebro i br\u0105z. TVP zarobi\u0142a na Igrzyskach w Salt Lake City 14,9 mln z\u0142 wed\u0142ug danych cennikowych (spoty i plansze sponsorskie emitowane w TVP 1, TVP 2 i TVP 3).<\/p>\n","protected":false},"excerpt":{"rendered":"10 lutego Telewizja Polska rozpocz\u0119\u0142a relacjonowanie Zimowych Igrzysk Olimpijskich w Turynie. Transmisj\u0119 otwarcia tego najwa\u017cniejszego wydarzenia sportowego w tym roku obejrza\u0142o w Jedynce 5 836 tys. os\u00f3b (udzia\u0142y wynios\u0142y 41 proc. &#8211; dane TNS OBOP).","protected":false},"author":1,"featured_media":0,"comment_status":"open","ping_status":"closed","sticky":false,"template":"","format":"standard","meta":{"csco_display_header_overlay":false,"csco_singular_sidebar":"","csco_page_header_type":"","csco_page_load_nextpost":"","csco_post_video_location":[],"csco_post_video_location_hash":"","csco_post_video_url":"","csco_post_video_bg_start_time":0,"csco_post_video_bg_end_time":0,"footnotes":""},"categories":[9670],"tags":[],"class_list":{"0":"post-80734","1":"post","2":"type-post","3":"status-publish","4":"format-standard","6":"category-tv","7":"cs-entry","8":"cs-video-wrap"},"_links":{"self":[{"href":"https:\/\/mediarun.com\/pl\/wp-json\/wp\/v2\/posts\/80734","targetHints":{"allow":["GET"]}}],"collection":[{"href":"https:\/\/mediarun.com\/pl\/wp-json\/wp\/v2\/posts"}],"about":[{"href":"https:\/\/mediarun.com\/pl\/wp-json\/wp\/v2\/types\/post"}],"author":[{"embeddable":true,"href":"https:\/\/mediarun.com\/pl\/wp-json\/wp\/v2\/users\/1"}],"replies":[{"embeddable":true,"href":"https:\/\/mediarun.com\/pl\/wp-json\/wp\/v2\/comments?post=80734"}],"version-history":[{"count":0,"href":"https:\/\/mediarun.com\/pl\/wp-json\/wp\/v2\/posts\/80734\/revisions"}],"wp:attachment":[{"href":"https:\/\/mediarun.com\/pl\/wp-json\/wp\/v2\/media?parent=80734"}],"wp:term":[{"taxonomy":"category","embeddable":true,"href":"https:\/\/mediarun.com\/pl\/wp-json\/wp\/v2\/categories?post=80734"},{"taxonomy":"post_tag","embeddable":true,"href":"https:\/\/mediarun.com\/pl\/wp-json\/wp\/v2\/tags?post=80734"}],"curies":[{"name":"wp","href":"https:\/\/api.w.org\/{rel}","templated":true}]}}