{"id":80732,"date":"2006-02-13T15:48:21","date_gmt":"2006-02-13T14:48:21","guid":{"rendered":"https:\/\/mediarun.com\/index.php\/news-posts\/w-srode-final-srebrnych-ust\/"},"modified":"2006-02-13T15:48:21","modified_gmt":"2006-02-13T14:48:21","slug":"w-srode-final-srebrnych-ust","status":"publish","type":"post","link":"https:\/\/mediarun.com\/pl\/media\/radio\/w-srode-final-srebrnych-ust.html","title":{"rendered":"W \u015brod\u0119 fina\u0142 &#8222;Srebrnych Ust&#8221;"},"content":{"rendered":"<p>Wypowiedzi polityk\u00f3w w formie d\u017awi\u0119kowej oraz pisemnej znalaz\u0142y si\u0119 na stronie internetowej Tr\u00f3jki. By\u0142y r\u00f3wnie\u017c codziennie prezentowane na antenie. S\u0142uchacze g\u0142osowali na swoich faworyt\u00f3w. <\/p>\n<p>Pomys\u0142 plebiscytu zrodzi\u0142 si\u0119 na pocz\u0105tku 1992 roku. Obraduj\u0105cy w\u00f3wczas Sejm I kadencji obfitowa\u0142 w osobowo\u015bci wyr\u00f3\u017cniaj\u0105ce si\u0119 niebanalnym j\u0119zykiem. <\/p>\n<p>W poprzednich edycjach zdobywcami &#8222;Srebrnych Ust&#8221; byli: Lech Wa\u0142\u0119sa, Jerzy Owsiak, Ewa Wachowicz, Waldemar Pawlak, Grzegorz Ko\u0142odko, Henryk Goryszewski, Zyta Gilowska, Renata Beger oraz Donald Tusk.<\/p>\n<p>W tym roku nominowani s\u0105: Marek Belka, Roman Giertych, Lech Kaczy\u0144ski, Ryszard Kalisz, Bronis\u0142aw Komorowski, Andrzej Lepper, Kazimierz Marcinkiewicz, Wojciech Olejniczak, Donald Tusk i J\u00f3zef Zych.<\/p>\n<p>Symboliczn\u0105 nagrod\u0105 w plebiscycie s\u0105 statuetki autorstwa Krzysztofa Brzezi\u0144skiego, w wykonane ze srebra oraz srebrny laptop.<\/p>\n<p>Gal\u0119 poprowadz\u0105 dziennikarze Tr\u00f3jki &#8211; Beata Michniewicz oraz Artur Orzech. Gwiazd\u0105 wieczoru b\u0119dzie Krzysztof Kilia\u0144ski.<\/p>\n","protected":false},"excerpt":{"rendered":"W \u015brod\u0119 o godzinie 15 w Hotelu Nowotel Centrum Warszawa odb\u0119dzie si\u0119 uroczysta gala wr\u0119czenia nagr\u00f3d &#8222;Srebrne Usta&#8221; radiowej Tr\u00f3jki. Plebiscyt organizowany jest w tym roku po raz dziesi\u0105ty i polega na wyborze najciekawszej wypowiedzi jednej z czo\u0142owych postaci polskiej sceny politycznej.","protected":false},"author":1,"featured_media":80733,"comment_status":"open","ping_status":"closed","sticky":false,"template":"","format":"standard","meta":{"csco_display_header_overlay":false,"csco_singular_sidebar":"","csco_page_header_type":"","csco_page_load_nextpost":"","csco_post_video_location":[],"csco_post_video_location_hash":"","csco_post_video_url":"","csco_post_video_bg_start_time":0,"csco_post_video_bg_end_time":0,"footnotes":""},"categories":[9672],"tags":[],"class_list":{"0":"post-80732","1":"post","2":"type-post","3":"status-publish","4":"format-standard","5":"has-post-thumbnail","7":"category-radio","8":"cs-entry","9":"cs-video-wrap"},"_links":{"self":[{"href":"https:\/\/mediarun.com\/pl\/wp-json\/wp\/v2\/posts\/80732","targetHints":{"allow":["GET"]}}],"collection":[{"href":"https:\/\/mediarun.com\/pl\/wp-json\/wp\/v2\/posts"}],"about":[{"href":"https:\/\/mediarun.com\/pl\/wp-json\/wp\/v2\/types\/post"}],"author":[{"embeddable":true,"href":"https:\/\/mediarun.com\/pl\/wp-json\/wp\/v2\/users\/1"}],"replies":[{"embeddable":true,"href":"https:\/\/mediarun.com\/pl\/wp-json\/wp\/v2\/comments?post=80732"}],"version-history":[{"count":0,"href":"https:\/\/mediarun.com\/pl\/wp-json\/wp\/v2\/posts\/80732\/revisions"}],"wp:featuredmedia":[{"embeddable":true,"href":"https:\/\/mediarun.com\/pl\/wp-json\/wp\/v2\/media\/80733"}],"wp:attachment":[{"href":"https:\/\/mediarun.com\/pl\/wp-json\/wp\/v2\/media?parent=80732"}],"wp:term":[{"taxonomy":"category","embeddable":true,"href":"https:\/\/mediarun.com\/pl\/wp-json\/wp\/v2\/categories?post=80732"},{"taxonomy":"post_tag","embeddable":true,"href":"https:\/\/mediarun.com\/pl\/wp-json\/wp\/v2\/tags?post=80732"}],"curies":[{"name":"wp","href":"https:\/\/api.w.org\/{rel}","templated":true}]}}