{"id":80731,"date":"2006-02-13T17:20:19","date_gmt":"2006-02-13T16:20:19","guid":{"rendered":"https:\/\/mediarun.com\/index.php\/news-posts\/rymanowski-odejdzie-z-faktow\/"},"modified":"2006-02-13T17:20:19","modified_gmt":"2006-02-13T16:20:19","slug":"rymanowski-odejdzie-z-faktow","status":"publish","type":"post","link":"https:\/\/mediarun.com\/pl\/media\/tv\/rymanowski-odejdzie-z-faktow.html","title":{"rendered":"Rymanowski odejdzie z Fakt\u00f3w?"},"content":{"rendered":"<p>Komercyjnej stacji zale\u017cy na pozostaniu Rymanowskiego. Obok magazynu &#8222;24 godziny&#8221; mia\u0142by on poprowadzi\u0107 w\u0142asny program publicystyczny na du\u017cej antenie. Spekulacje dotycz\u0105ce rzekomych negocjacji z Rymanowskim zdementowa\u0142 Robert Kozak &#8211; kierownik Redakcji Audycji Informacyjnych. Po og\u0142oszeniu telewizyjnego transferu Kamila Durczoka TVN &#8211; Rymanowski nie chcia\u0142 komentowa\u0107 sprawy. Wypowied\u017a dla &#8222;Newsweeka&#8221; jest pierwsz\u0105, kt\u00f3ra sugeruje, i\u017c prezenter &#8222;Fakt\u00f3w&#8221; nie podj\u0105\u0142 jeszcze ostatecznej decyzji. <\/p>\n<p>Bogdan Rymanowski (ur. 1971), absolwent wydzia\u0142u prawa i administracji Uniwersytetu Jagiello\u0144skiego.<\/p>\n<p>Zaczyna\u0142 karier\u0119 w Radiu Krak\u00f3w (1990) jako reporter. Potem pracowa\u0142 w RMF FM (1990-1997). W tym czasie wsp\u00f3\u0142pracowa\u0142 tak\u017ce z TVP 1 w okresie prezesury Wies\u0142awa Walendziaka (1994 &#8211; 1996 &#8211; prowadzi\u0142 Puls dnia). P\u00f3\u017aniej pracowa\u0142 kolejno w TVN (1997-2000 &#8211; prowadzi\u0142 czwartkow\u0105 Kropk\u0119 nad i oraz Fakty po\u0142udnie), Radiu Plus (1998-2001 &#8211; prowadzi\u0142 audycje Twarz\u0105 w twarz oraz W samo po\u0142udnie), TV Puls (2001, szef i prowadz\u0105cy programu informacyjnego Wydarzenia) i TVN 24 (2001 &#8211; do dzi\u015b). We wrze\u015bniu 2003 zosta\u0142 prezenterem weekendowych wyda\u0144 Fakt\u00f3w TVN (na zmian\u0119 z Marcinem Paw\u0142owskim), po zwolnieniu Tomasza Lisa od stycznia 2004 prowadzi wydania w ci\u0105gu tygodnia (od wrze\u015bnia 2004 na zmian\u0119 z Justyn\u0105 Pochanke). W TVN24 prowadzi g\u0142\u00f3wne wydanie Magazynu 24 Godziny. Uzyska\u0142 tytu\u0142 Gentlemana roku 2005. Przyznaj\u0105 go czytelnicy miesi\u0119cznika Gentleman.<\/p>\n","protected":false},"excerpt":{"rendered":"Bogdan Rymanowski prezenter &#8222;Fakt\u00f3w&#8221; oznajmi\u0142 swoim prze\u0142o\u017conym, \u017ce nie zamierza pracowa\u0107 w jednym programie z Kamilem Durczokiem, kt\u00f3ry od maja b\u0119dzie szefem &#8222;Fakt\u00f3w&#8221;.  Dziennikarz do ko\u0144ca miesi\u0105ca ma ostatecznie zdecydowa\u0107 czy zostanie w TVN &#8211; dowiedzia\u0142 si\u0119 tygodnik &#8222;Newsweek Polska&#8221;","protected":false},"author":1,"featured_media":0,"comment_status":"open","ping_status":"closed","sticky":false,"template":"","format":"standard","meta":{"csco_display_header_overlay":false,"csco_singular_sidebar":"","csco_page_header_type":"","csco_page_load_nextpost":"","csco_post_video_location":[],"csco_post_video_location_hash":"","csco_post_video_url":"","csco_post_video_bg_start_time":0,"csco_post_video_bg_end_time":0,"footnotes":""},"categories":[9670],"tags":[],"class_list":{"0":"post-80731","1":"post","2":"type-post","3":"status-publish","4":"format-standard","6":"category-tv","7":"cs-entry","8":"cs-video-wrap"},"_links":{"self":[{"href":"https:\/\/mediarun.com\/pl\/wp-json\/wp\/v2\/posts\/80731","targetHints":{"allow":["GET"]}}],"collection":[{"href":"https:\/\/mediarun.com\/pl\/wp-json\/wp\/v2\/posts"}],"about":[{"href":"https:\/\/mediarun.com\/pl\/wp-json\/wp\/v2\/types\/post"}],"author":[{"embeddable":true,"href":"https:\/\/mediarun.com\/pl\/wp-json\/wp\/v2\/users\/1"}],"replies":[{"embeddable":true,"href":"https:\/\/mediarun.com\/pl\/wp-json\/wp\/v2\/comments?post=80731"}],"version-history":[{"count":0,"href":"https:\/\/mediarun.com\/pl\/wp-json\/wp\/v2\/posts\/80731\/revisions"}],"wp:attachment":[{"href":"https:\/\/mediarun.com\/pl\/wp-json\/wp\/v2\/media?parent=80731"}],"wp:term":[{"taxonomy":"category","embeddable":true,"href":"https:\/\/mediarun.com\/pl\/wp-json\/wp\/v2\/categories?post=80731"},{"taxonomy":"post_tag","embeddable":true,"href":"https:\/\/mediarun.com\/pl\/wp-json\/wp\/v2\/tags?post=80731"}],"curies":[{"name":"wp","href":"https:\/\/api.w.org\/{rel}","templated":true}]}}