{"id":80728,"date":"2006-02-13T19:34:02","date_gmt":"2006-02-13T18:34:02","guid":{"rendered":"https:\/\/mediarun.com\/index.php\/news-posts\/fakty-tvn-o-16-00\/"},"modified":"2006-02-13T19:34:02","modified_gmt":"2006-02-13T18:34:02","slug":"fakty-tvn-o-16-00","status":"publish","type":"post","link":"https:\/\/mediarun.com\/pl\/media\/tv\/fakty-tvn-o-16-00.html","title":{"rendered":"Fakty TVN o 16.00"},"content":{"rendered":"<p>Nie spe\u0142ni\u0142y si\u0119 zwi\u0105zane z programem oczekiwania nadawcy. Dynamiczna formu\u0142a i atrakcyjna pora emisji mia\u0142y przyczyni\u0107 si\u0119 do skutecznej konkurencji &#8222;Fakt\u00f3w&#8221; z &#8222;Teleexpressem&#8221;. Program notowa\u0142 jednak zdecydowanie gorsze wyniki ogl\u0105dalno\u015bci.<\/p>\n<p>Wraz ze zmian\u0105 pory emisji audycji, TVN wprowadza zmiany w popo\u0142udniowym pa\u015bmie programowym. O godzinie 16.15 emitowany b\u0119dzie &#8222;S\u0105d karny&#8221;. Zniknie &#8222;Uwaga&#8221; o 17.00<\/p>\n<p>Szczeg\u00f3\u0142owe om\u00f3wienie wiosennej ram\u00f3wki TVN, pojawi si\u0119 na naszych \u0142amach w czwartek.<\/p>\n","protected":false},"excerpt":{"rendered":"Pocz\u0105wszy od 6 marca popo\u0142udniowe wydanie &#8222;Fakt\u00f3w TVN&#8221; b\u0119dzie rozpoczyna\u0142o si\u0119 punktualnie o godzinie 16.00. Nie zmieni si\u0119 czas trwania audycji. Pierwsze podsumowanie dnia na antenie komercyjnej stacji zako\u0144czy si\u0119 po niepe\u0142nym kwadransie.","protected":false},"author":1,"featured_media":0,"comment_status":"open","ping_status":"closed","sticky":false,"template":"","format":"standard","meta":{"csco_display_header_overlay":false,"csco_singular_sidebar":"","csco_page_header_type":"","csco_page_load_nextpost":"","csco_post_video_location":[],"csco_post_video_location_hash":"","csco_post_video_url":"","csco_post_video_bg_start_time":0,"csco_post_video_bg_end_time":0,"footnotes":""},"categories":[9670],"tags":[],"class_list":{"0":"post-80728","1":"post","2":"type-post","3":"status-publish","4":"format-standard","6":"category-tv","7":"cs-entry","8":"cs-video-wrap"},"_links":{"self":[{"href":"https:\/\/mediarun.com\/pl\/wp-json\/wp\/v2\/posts\/80728","targetHints":{"allow":["GET"]}}],"collection":[{"href":"https:\/\/mediarun.com\/pl\/wp-json\/wp\/v2\/posts"}],"about":[{"href":"https:\/\/mediarun.com\/pl\/wp-json\/wp\/v2\/types\/post"}],"author":[{"embeddable":true,"href":"https:\/\/mediarun.com\/pl\/wp-json\/wp\/v2\/users\/1"}],"replies":[{"embeddable":true,"href":"https:\/\/mediarun.com\/pl\/wp-json\/wp\/v2\/comments?post=80728"}],"version-history":[{"count":0,"href":"https:\/\/mediarun.com\/pl\/wp-json\/wp\/v2\/posts\/80728\/revisions"}],"wp:attachment":[{"href":"https:\/\/mediarun.com\/pl\/wp-json\/wp\/v2\/media?parent=80728"}],"wp:term":[{"taxonomy":"category","embeddable":true,"href":"https:\/\/mediarun.com\/pl\/wp-json\/wp\/v2\/categories?post=80728"},{"taxonomy":"post_tag","embeddable":true,"href":"https:\/\/mediarun.com\/pl\/wp-json\/wp\/v2\/tags?post=80728"}],"curies":[{"name":"wp","href":"https:\/\/api.w.org\/{rel}","templated":true}]}}