{"id":80662,"date":"2006-02-14T07:26:39","date_gmt":"2006-02-14T06:26:39","guid":{"rendered":"https:\/\/mediarun.com\/index.php\/news-posts\/mikos-naczelnym-tele-magazynu\/"},"modified":"2006-02-14T07:26:39","modified_gmt":"2006-02-14T06:26:39","slug":"mikos-naczelnym-tele-magazynu","status":"publish","type":"post","link":"https:\/\/mediarun.com\/pl\/media\/prasa\/mikos-naczelnym-tele-magazynu.html","title":{"rendered":"Mikos naczelnym Tele Magazynu"},"content":{"rendered":"<p>Aureliusz Mikos pozostaje Prezesem Oddzia\u0142u Polskapresse Tygodniki i redaktorem naczelnym tygodnika og\u0142oszeniowego Moto Express.<br \/>\nIza Marciniak, dotychczasowa asystentka Prezesa Sp\u00f3\u0142ki Wydawniczej Tele Magazyn, zosta\u0142a product managerem.<\/p>\n<p> Odpowiada za rozw\u00f3j wydawanych przez sp\u00f3\u0142k\u0119 tytu\u0142\u00f3w: Tele Magazyn, Super Tele i TV Pilot, oraz za koordynacj\u0119 prac nad nowymi projektami magazynowymi.<\/p>\n","protected":false},"excerpt":{"rendered":"Nowym redaktorem naczelnym dodatku telewizyjnego Tele Magazyn zosta\u0142 Aureliusz Mikos. Zast\u0105pi\u0142 na stanowisku Huberta Musia\u0142a, kt\u00f3ry odszed\u0142 z Tele Magazynu i realizuje w\u0142asne plany zawodowe.","protected":false},"author":1,"featured_media":0,"comment_status":"open","ping_status":"closed","sticky":false,"template":"","format":"standard","meta":{"csco_display_header_overlay":false,"csco_singular_sidebar":"","csco_page_header_type":"","csco_page_load_nextpost":"","csco_post_video_location":[],"csco_post_video_location_hash":"","csco_post_video_url":"","csco_post_video_bg_start_time":0,"csco_post_video_bg_end_time":0,"footnotes":""},"categories":[9673],"tags":[],"class_list":{"0":"post-80662","1":"post","2":"type-post","3":"status-publish","4":"format-standard","6":"category-prasa","7":"cs-entry","8":"cs-video-wrap"},"_links":{"self":[{"href":"https:\/\/mediarun.com\/pl\/wp-json\/wp\/v2\/posts\/80662","targetHints":{"allow":["GET"]}}],"collection":[{"href":"https:\/\/mediarun.com\/pl\/wp-json\/wp\/v2\/posts"}],"about":[{"href":"https:\/\/mediarun.com\/pl\/wp-json\/wp\/v2\/types\/post"}],"author":[{"embeddable":true,"href":"https:\/\/mediarun.com\/pl\/wp-json\/wp\/v2\/users\/1"}],"replies":[{"embeddable":true,"href":"https:\/\/mediarun.com\/pl\/wp-json\/wp\/v2\/comments?post=80662"}],"version-history":[{"count":0,"href":"https:\/\/mediarun.com\/pl\/wp-json\/wp\/v2\/posts\/80662\/revisions"}],"wp:attachment":[{"href":"https:\/\/mediarun.com\/pl\/wp-json\/wp\/v2\/media?parent=80662"}],"wp:term":[{"taxonomy":"category","embeddable":true,"href":"https:\/\/mediarun.com\/pl\/wp-json\/wp\/v2\/categories?post=80662"},{"taxonomy":"post_tag","embeddable":true,"href":"https:\/\/mediarun.com\/pl\/wp-json\/wp\/v2\/tags?post=80662"}],"curies":[{"name":"wp","href":"https:\/\/api.w.org\/{rel}","templated":true}]}}