{"id":80659,"date":"2006-02-14T07:33:18","date_gmt":"2006-02-14T06:33:18","guid":{"rendered":"https:\/\/mediarun.com\/index.php\/news-posts\/komentarz-benedykta-xvi-w-tp\/"},"modified":"2006-02-14T07:33:18","modified_gmt":"2006-02-14T06:33:18","slug":"komentarz-benedykta-xvi-w-tp","status":"publish","type":"post","link":"https:\/\/mediarun.com\/pl\/media\/prasa\/komentarz-benedykta-xvi-w-tp.html","title":{"rendered":"Komentarz Benedykta XVI w TP"},"content":{"rendered":"<p>&#8222;Familia Cristiana&#8221; zamiesci\u0142a papieski tekst w numerze, do kt\u00f3rego do\u0142\u0105czy\u0142a egzemplarz encykliki. Benedykt XVI odpowiada w swoim komentarzu na pytania, kt\u00f3re mog\u0105 si\u0119 zrodzi\u0107 podczas lektury encykliki. Na przyk\u0142ad: &#8222;Czy naprawd\u0119 mo\u017cna kocha\u0107 Boga?&#8221;, &#8222;Czy mi\u0142o\u015b\u0107 mo\u017cna nakaza\u0107?&#8221; i  &#8222;Czy Ko\u015bci\u00f3\u0142, ze swoimi przykazaniami i zakazami, nie zmienia w gorycz<br \/>\nrado\u015bci erosa, bycia kochanym, tego, co nas popycha ku drugiemu w d\u0105\u017ceniu do zjednoczenia?&#8221;. W najnowszym numerze &#8222;Tygodnika Powszechnego&#8221; ca\u0142y przet\u0142umaczony papieski komentarz pt. &#8222;Mi\u0142o\u015b\u0107 i sprawiedliwo\u015b\u0107&#8221;, udostepniony wy\u0142\u0105cznie &#8222;TP&#8221; przez<br \/>\n&#8222;Famiglia Cristiana&#8221;. <\/p>\n<p>&#8222;Tygodnik Powszechny&#8221; z tekstem Benedykta XVI &#8222;Mi\u0142o\u015b\u0107 i sprawiedliwo\u015b\u0107&#8221; w sprzeda\u017cy<br \/>\nod 13 lutego. <\/p>\n","protected":false},"excerpt":{"rendered":"Czy papie\u017c mo\u017ce zaskoczy\u0107 gazet\u0119, wysy\u0142aj\u0105c do niej sw\u00f3j artyku\u0142? Mo\u017ce. Naczelny w\u0142oskiego tygodnika katolickiego &#8222;Famiglia Cristiana&#8221; Antonio Scortino otrzyma\u0142 &#8222;dwie g\u0119sto zapisane po niemiecku strony&#8221;  komentarza do najnowszej encykliki &#8222;B\u00f3g jest mi\u0142o\u015bci\u0105&#8221;, opatrzone odr\u0119cznym podpisem Benedykta XVI.","protected":false},"author":1,"featured_media":0,"comment_status":"open","ping_status":"closed","sticky":false,"template":"","format":"standard","meta":{"csco_display_header_overlay":false,"csco_singular_sidebar":"","csco_page_header_type":"","csco_page_load_nextpost":"","csco_post_video_location":[],"csco_post_video_location_hash":"","csco_post_video_url":"","csco_post_video_bg_start_time":0,"csco_post_video_bg_end_time":0,"footnotes":""},"categories":[9673],"tags":[],"class_list":{"0":"post-80659","1":"post","2":"type-post","3":"status-publish","4":"format-standard","6":"category-prasa","7":"cs-entry","8":"cs-video-wrap"},"_links":{"self":[{"href":"https:\/\/mediarun.com\/pl\/wp-json\/wp\/v2\/posts\/80659","targetHints":{"allow":["GET"]}}],"collection":[{"href":"https:\/\/mediarun.com\/pl\/wp-json\/wp\/v2\/posts"}],"about":[{"href":"https:\/\/mediarun.com\/pl\/wp-json\/wp\/v2\/types\/post"}],"author":[{"embeddable":true,"href":"https:\/\/mediarun.com\/pl\/wp-json\/wp\/v2\/users\/1"}],"replies":[{"embeddable":true,"href":"https:\/\/mediarun.com\/pl\/wp-json\/wp\/v2\/comments?post=80659"}],"version-history":[{"count":0,"href":"https:\/\/mediarun.com\/pl\/wp-json\/wp\/v2\/posts\/80659\/revisions"}],"wp:attachment":[{"href":"https:\/\/mediarun.com\/pl\/wp-json\/wp\/v2\/media?parent=80659"}],"wp:term":[{"taxonomy":"category","embeddable":true,"href":"https:\/\/mediarun.com\/pl\/wp-json\/wp\/v2\/categories?post=80659"},{"taxonomy":"post_tag","embeddable":true,"href":"https:\/\/mediarun.com\/pl\/wp-json\/wp\/v2\/tags?post=80659"}],"curies":[{"name":"wp","href":"https:\/\/api.w.org\/{rel}","templated":true}]}}