{"id":80647,"date":"2006-02-14T08:32:49","date_gmt":"2006-02-14T07:32:49","guid":{"rendered":"https:\/\/mediarun.com\/index.php\/news-posts\/rada-nadzorcza-chce-zdazyc-przed-krrit\/"},"modified":"2006-02-14T08:32:49","modified_gmt":"2006-02-14T07:32:49","slug":"rada-nadzorcza-chce-zdazyc-przed-krrit","status":"publish","type":"post","link":"https:\/\/mediarun.com\/pl\/media\/tv\/rada-nadzorcza-chce-zdazyc-przed-krrit.html","title":{"rendered":"Rada nadzorcza chce zd\u0105\u017cy\u0107 przed KRRiT"},"content":{"rendered":"<p>&#8211; To nie wybrana g\u0142osami PiS, Samoobrony i LPR nowa Krajowa Rada Radiofonii i Telewizji mo\u017ce zdecydowa\u0107, kto b\u0119dzie nowym prezesem TVP. Do wyboru nowego zarz\u0105du telewizji przymierza si\u0119 bowiem obecna rada nadzorcza. &#8211; czytamy w dzienniku<\/p>\n<p>Ten rok jest dla telewizji wyj\u0105tkowy &#8211; jednocze\u015bnie up\u0142ywa kadencja rady nadzorczej i zarz\u0105du. Kadencje ko\u0144cz\u0105 si\u0119 w dniu, w kt\u00f3rym minister skarbu zatwierdzi sprawozdanie finansowe za ubieg\u0142y rok. Mo\u017ce si\u0119 to sta\u0107 ju\u017c w kwietniu. <\/p>\n<p>Jednoczesne wyga\u015bni\u0119cie kadencji rady nadzorczej i zarz\u0105du grozi jednak telewizji bezkr\u00f3lewiem. KRRiT mo\u017ce ju\u017c teraz wybra\u0107 now\u0105 rad\u0119 nadzorcz\u0105 TVP, by ta mog\u0142a zacz\u0105\u0107 dzia\u0142a\u0107 tu\u017c po wyga\u015bni\u0119ciu kadencji dotychczasowej. Gorzej z zarz\u0105dem &#8211; nowa rada nadzorcza potrzebowa\u0142aby czasu, by wybra\u0107 nowy, np. w konkursie. A stan, gdy TVP by\u0142aby bez zarz\u0105du, m\u00f3g\u0142by narusza\u0107 prawo. <\/p>\n<p>&#8211; Rada nadzorcza na najbli\u017cszym posiedzeniu 21 lutego b\u0119dzie rozwa\u017ca\u0107, jak tego unikn\u0105\u0107. TVP zam\u00f3wi\u0142a ekspertyzy prawne u prof. Wojciecha Popio\u0142ka z Uniwersytetu \u015al\u0105skiego. Wynika znich niezbicie, \u017ce to obecna rada powinna wy\u0142oni\u0107 cz\u0142onk\u00f3w zarz\u0105du na nast\u0119pn\u0105 kadencj\u0119, kt\u00f3ra rozpocz\u0119\u0142aby si\u0119 po wyga\u015bni\u0119ciu kadencji obecnego zarz\u0105du prezesa Jana Dworaka. Czy jest do tego zdolna? &#8211; zastanawia si\u0119 &#8222;Rzeczpospolita&#8221;<\/p>\n<p>&#8211; To mo\u017cliwe, je\u015bli rozwi\u0105\u017cemy spraw\u0119 dw\u00f3ch zawieszonych cz\u0142onk\u00f3w zarz\u0105du &#8211; m\u00f3wi &#8222;Rz&#8221; przewodnicz\u0105cy rady nadzorczej TVP Tadeusz Kowalski. Do definitywnego odwo\u0142ania wiceprezes\u00f3w Ryszarda Pac\u0142awskiego i Marka Ho\u0142y\u0144skiego zwolennikom takiego kroku (m.in. Kowalskiemu) brakuje w 9-osobowej radzie jednego g\u0142osu. Wniosek o odwo\u0142anie ca\u0142ego zarz\u0105du mogliby jednak poprze\u0107 cz\u0142onkowie rady, kt\u00f3rzy sprzeciwiaj\u0105 si\u0119 odwo\u0142aniu Pac\u0142awskiego i Ho\u0142y\u0144skiego, a d\u0105\u017c\u0105 do odwo\u0142ania prezesa Dworaka, np. Anna Milewska. &#8211; Wyb\u00f3r przez nas zarz\u0105du to nie by\u0142by atak na telewizj\u0119, kolejna rada nadzorcza mog\u0142aby go przecie\u017c odwo\u0142a\u0107 &#8211; zaznacza Milewska, kt\u00f3ra uwa\u017ca, \u017ce nowy zarz\u0105d powinien zacz\u0105\u0107 dzia\u0142a\u0107 natychmiast. <\/p>\n<p>&#8211; Kowalski nie wyklucza, \u017ce rada nadzorcza mo\u017ce za tydzie\u0144 rozpisa\u0107 konkurs na nowy zarz\u0105d TVP, a rozstrzygn\u0119\u0142aby go ju\u017c nowa rada. Mi\u0119dzy kadencjami dw\u00f3ch zarz\u0105d\u00f3w telewizj\u0105 zarz\u0105dzaliby prokurenci. &#8211; donosi dziennik<\/p>\n","protected":false},"excerpt":{"rendered":"&#8211; Nie jest wykluczone, \u017ce ju\u017c w przysz\u0142ym tygodniu rada nadzorcza TVP wybierze nowy zarz\u0105d lub og\u0142osi na\u0144 konkurs. &#8211; pisze &#8222;Rzeczpospolita&#8221;","protected":false},"author":1,"featured_media":80648,"comment_status":"open","ping_status":"closed","sticky":false,"template":"","format":"standard","meta":{"csco_display_header_overlay":false,"csco_singular_sidebar":"","csco_page_header_type":"","csco_page_load_nextpost":"","csco_post_video_location":[],"csco_post_video_location_hash":"","csco_post_video_url":"","csco_post_video_bg_start_time":0,"csco_post_video_bg_end_time":0,"footnotes":""},"categories":[9670],"tags":[],"class_list":{"0":"post-80647","1":"post","2":"type-post","3":"status-publish","4":"format-standard","5":"has-post-thumbnail","7":"category-tv","8":"cs-entry","9":"cs-video-wrap"},"_links":{"self":[{"href":"https:\/\/mediarun.com\/pl\/wp-json\/wp\/v2\/posts\/80647","targetHints":{"allow":["GET"]}}],"collection":[{"href":"https:\/\/mediarun.com\/pl\/wp-json\/wp\/v2\/posts"}],"about":[{"href":"https:\/\/mediarun.com\/pl\/wp-json\/wp\/v2\/types\/post"}],"author":[{"embeddable":true,"href":"https:\/\/mediarun.com\/pl\/wp-json\/wp\/v2\/users\/1"}],"replies":[{"embeddable":true,"href":"https:\/\/mediarun.com\/pl\/wp-json\/wp\/v2\/comments?post=80647"}],"version-history":[{"count":0,"href":"https:\/\/mediarun.com\/pl\/wp-json\/wp\/v2\/posts\/80647\/revisions"}],"wp:featuredmedia":[{"embeddable":true,"href":"https:\/\/mediarun.com\/pl\/wp-json\/wp\/v2\/media\/80648"}],"wp:attachment":[{"href":"https:\/\/mediarun.com\/pl\/wp-json\/wp\/v2\/media?parent=80647"}],"wp:term":[{"taxonomy":"category","embeddable":true,"href":"https:\/\/mediarun.com\/pl\/wp-json\/wp\/v2\/categories?post=80647"},{"taxonomy":"post_tag","embeddable":true,"href":"https:\/\/mediarun.com\/pl\/wp-json\/wp\/v2\/tags?post=80647"}],"curies":[{"name":"wp","href":"https:\/\/api.w.org\/{rel}","templated":true}]}}