{"id":80635,"date":"2006-02-14T21:51:26","date_gmt":"2006-02-14T20:51:26","guid":{"rendered":"https:\/\/mediarun.com\/index.php\/news-posts\/ruszyl-fotal-pl\/"},"modified":"2006-02-14T21:51:26","modified_gmt":"2006-02-14T20:51:26","slug":"ruszyl-fotal-pl","status":"publish","type":"post","link":"https:\/\/mediarun.com\/pl\/digital\/internet\/ruszyl-fotal-pl.html","title":{"rendered":"Ruszy\u0142 Fotal.pl"},"content":{"rendered":"<p>Fotal.pl jest podzielony na dzia\u0142y:<br \/>\n&#8211; Kultura &#8211; mo\u017cna tam znale\u017a\u0107 wszystko o sztuce fotografii, informacje o wystawach, wydarzeniach oraz ludziach fotografii. Ponadto ciekawe felietony i recenzje.<br \/>\n&#8211; Sprz\u0119t fotograficzny &#8211; czyli wszelkie newsy z rynku oraz testy aparat\u00f3w kompaktowych i cyfrowych lustrzanek. Tak\u017ce wiele interesuj\u0105cych informacji na temat kart pami\u0119ci, obiektyw\u00f3w, lamp b\u0142yskowych i innych akcesori\u00f3w fotograficznych.<br \/>\n&#8211; Praktyka  &#8211; to informacje o hobbystach fotografii, o konkursach, plenerach i szkoleniach. To tak\u017ce cenny foto-poradnik, czyli miejsce gdzie ka\u017cdy amator fotografii mo\u017cna dowiedzie\u0107 si\u0119 nie tylko o balansie bieli, kompozycji zdj\u0119cia oraz o tym, na co naprawd\u0119 ma wp\u0142yw rozdzielczo\u015b\u0107 i wielko\u015b\u0107 matrycy.<br \/>\n&#8211; Kiosk  pozwala na bie\u017c\u0105co \u015bledzi\u0107 rynek tradycyjnej prasy fotograficznej, a tak\u017ce on-line przeczyta\u0107 najciekawsze artyku\u0142y z dobrych gazet.<\/p>\n<p>Unikalnym na rynku narz\u0119dziem Fotal.pl jest Kalendarium. Jest to wyszukiwarka, pozwalaj\u0105ca b\u0142yskawicznie znale\u017a\u0107 informacje o fotograficznych wydarzeniach i wystawach w dowolnym miejscu Polski, wybranego dnia i miesi\u0105ca.<\/p>\n<p>&#8222;Stawiamy na rzetelno\u015b\u0107 i niezale\u017cno\u015b\u0107 oraz na aktualn\u0105 i obiektywn\u0105 tre\u015b\u0107. Takie za\u0142o\u017cenia przyj\u0119li\u015bmy w momencie rozpocz\u0119cia prac nad Fotalem w pa\u017adzierniku ubieg\u0142ego roku i uda\u0142o si\u0119 je zrealizowa\u0107 ju\u017c na starcie serwisu. Teraz mo\u017ce by\u0107 ju\u017c tylko jeszcze lepiej. Chcemy, aby formu\u0142a serwisu informacyjnego, jak\u0105 przyj\u0119li\u015bmy w pierwszej ods\u0142onie Fotalu, w kr\u00f3tkim czasie sta\u0142a si\u0119 wyznacznikiem jako\u015bci w tym segmencie rynku&#8221; &#8211; m\u00f3wi Bartosz Wo\u017aniak, prezes sp\u00f3\u0142ki Presco Media, kt\u00f3ra jest w\u0142a\u015bcicielem portalu. <\/p>\n<p>Tw\u00f3rcy Fotal.pl zdradzaj\u0105, \u017ce w przygotowaniu s\u0105 nowe dzia\u0142y serwisu, zwi\u0105zane m.in. z \u015bwiadczeniem us\u0142ug interaktywnych zwi\u0105zanych z boomem fotografii cyfrowej. Ich premiera jest przewidziana na po\u0142ow\u0119 2006 roku.<\/p>\n","protected":false},"excerpt":{"rendered":"&#8222;Fotal.pl &#8211; to najszersze z mo\u017cliwych uj\u0119cie medium fotograficznego; to osobny dzia\u0142 po\u015bwi\u0119cony kulturze i wydarzeniom artystycznym zwi\u0105zanym z fotografi\u0105, oddzielny opisuj\u0105cy aspekty praktyczne robienia zdj\u0119\u0107 i trzeci &#8211; pe\u0142en nowinek sprz\u0119towych, opis\u00f3w aparat\u00f3w i fachowych test\u00f3w&#8221; &#8211; tak m\u00f3wi\u0105 o portalu jego tw\u00f3rcy.","protected":false},"author":1,"featured_media":0,"comment_status":"open","ping_status":"closed","sticky":false,"template":"","format":"standard","meta":{"csco_display_header_overlay":false,"csco_singular_sidebar":"","csco_page_header_type":"","csco_page_load_nextpost":"","csco_post_video_location":[],"csco_post_video_location_hash":"","csco_post_video_url":"","csco_post_video_bg_start_time":0,"csco_post_video_bg_end_time":0,"footnotes":""},"categories":[9676],"tags":[],"class_list":{"0":"post-80635","1":"post","2":"type-post","3":"status-publish","4":"format-standard","6":"category-internet","7":"cs-entry","8":"cs-video-wrap"},"_links":{"self":[{"href":"https:\/\/mediarun.com\/pl\/wp-json\/wp\/v2\/posts\/80635","targetHints":{"allow":["GET"]}}],"collection":[{"href":"https:\/\/mediarun.com\/pl\/wp-json\/wp\/v2\/posts"}],"about":[{"href":"https:\/\/mediarun.com\/pl\/wp-json\/wp\/v2\/types\/post"}],"author":[{"embeddable":true,"href":"https:\/\/mediarun.com\/pl\/wp-json\/wp\/v2\/users\/1"}],"replies":[{"embeddable":true,"href":"https:\/\/mediarun.com\/pl\/wp-json\/wp\/v2\/comments?post=80635"}],"version-history":[{"count":0,"href":"https:\/\/mediarun.com\/pl\/wp-json\/wp\/v2\/posts\/80635\/revisions"}],"wp:attachment":[{"href":"https:\/\/mediarun.com\/pl\/wp-json\/wp\/v2\/media?parent=80635"}],"wp:term":[{"taxonomy":"category","embeddable":true,"href":"https:\/\/mediarun.com\/pl\/wp-json\/wp\/v2\/categories?post=80635"},{"taxonomy":"post_tag","embeddable":true,"href":"https:\/\/mediarun.com\/pl\/wp-json\/wp\/v2\/tags?post=80635"}],"curies":[{"name":"wp","href":"https:\/\/api.w.org\/{rel}","templated":true}]}}