{"id":80632,"date":"2006-02-14T22:00:17","date_gmt":"2006-02-14T21:00:17","guid":{"rendered":"https:\/\/mediarun.com\/index.php\/news-posts\/integracja-informatyczna-energa-s-a\/"},"modified":"2006-02-14T22:00:17","modified_gmt":"2006-02-14T21:00:17","slug":"integracja-informatyczna-energa-s-a","status":"publish","type":"post","link":"https:\/\/mediarun.com\/pl\/marketing\/atl\/integracja-informatyczna-energa-s-a.html","title":{"rendered":"Integracja informatyczna Energa S.A."},"content":{"rendered":"<p>Zintegrowany System Informatyczny, sk\u0142adaj\u0105cy si\u0119 modu\u0142\u00f3w systemu mySAP Business Suite, jest jednym z najwa\u017cniejszych narz\u0119dzi konsolidacji Koncernu, powsta\u0142ego z po\u0142\u0105czenia o\u015bmiu niezale\u017cnie dzia\u0142aj\u0105cych zak\u0142ad\u00f3w energetycznych, u\u017cytkuj\u0105cych dotychczas zr\u00f3\u017cnicowane systemy informatyczne. <\/p>\n<p>Obecny etap budowy Zintegrowanego Systemu Informatycznego dotyczy w g\u0142\u00f3wnej mierze budowy rozwi\u0105za\u0144 wspomagaj\u0105cych procesy dystrybucji, czyli dostarczania energii elektrycznej do klienta. <\/p>\n<p>&#8211; Nowoczesne zarz\u0105dzanie wymaga szybkiego i \u0142atwego dost\u0119pu do wielorakich danych &#8211; m\u00f3wi Waldemar Bartelik, prezes Zarz\u0105du ENERGI. &#8211; Lepszy obieg informacji pomi\u0119dzy pionami, obs\u0142uguj\u0105cymi r\u00f3\u017cne obszary dzia\u0142alno\u015bci koncernu oraz mo\u017cliwo\u015b\u0107 bardziej szczeg\u00f3\u0142owej analizy r\u00f3\u017cnych danych przyczynia si\u0119 do podniesienia efektywno\u015bci sp\u00f3\u0142ki, m.in. poprzez obni\u017cenie koszt\u00f3w i usprawnienie proces\u00f3w biznesowych oraz decyzyjnych. <\/p>\n<p>Zdaniem prezesa Bartelika Zintegrowany System Informatyczny wdra\u017cany w ENERDZE, pozwoli lepiej zarz\u0105dza\u0107 sp\u00f3\u0142k\u0105, co zwi\u0119kszy jej konkurencyjno\u015b\u0107 na rynku i w efekcie przyniesie korzy\u015bci klientom. <\/p>\n","protected":false},"excerpt":{"rendered":"Koncern Energetyczny ENERGA SA i PROKOM Software SA podpisa\u0142y umow\u0119 na kwot\u0119 16,3 mln z\u0142, dzi\u0119ki kt\u00f3rej mo\u017cliwy b\u0119dzie dalszy rozw\u00f3j Zintegrowanego Systemu Informatycznego wspomagaj\u0105cego zarz\u0105dzanie wszystkimi dzia\u0142alno\u015bciami Koncernu.","protected":false},"author":1,"featured_media":0,"comment_status":"open","ping_status":"closed","sticky":false,"template":"","format":"standard","meta":{"csco_display_header_overlay":false,"csco_singular_sidebar":"","csco_page_header_type":"","csco_page_load_nextpost":"","csco_post_video_location":[],"csco_post_video_location_hash":"","csco_post_video_url":"","csco_post_video_bg_start_time":0,"csco_post_video_bg_end_time":0,"footnotes":""},"categories":[9642],"tags":[],"class_list":{"0":"post-80632","1":"post","2":"type-post","3":"status-publish","4":"format-standard","6":"category-atl","7":"cs-entry","8":"cs-video-wrap"},"_links":{"self":[{"href":"https:\/\/mediarun.com\/pl\/wp-json\/wp\/v2\/posts\/80632","targetHints":{"allow":["GET"]}}],"collection":[{"href":"https:\/\/mediarun.com\/pl\/wp-json\/wp\/v2\/posts"}],"about":[{"href":"https:\/\/mediarun.com\/pl\/wp-json\/wp\/v2\/types\/post"}],"author":[{"embeddable":true,"href":"https:\/\/mediarun.com\/pl\/wp-json\/wp\/v2\/users\/1"}],"replies":[{"embeddable":true,"href":"https:\/\/mediarun.com\/pl\/wp-json\/wp\/v2\/comments?post=80632"}],"version-history":[{"count":0,"href":"https:\/\/mediarun.com\/pl\/wp-json\/wp\/v2\/posts\/80632\/revisions"}],"wp:attachment":[{"href":"https:\/\/mediarun.com\/pl\/wp-json\/wp\/v2\/media?parent=80632"}],"wp:term":[{"taxonomy":"category","embeddable":true,"href":"https:\/\/mediarun.com\/pl\/wp-json\/wp\/v2\/categories?post=80632"},{"taxonomy":"post_tag","embeddable":true,"href":"https:\/\/mediarun.com\/pl\/wp-json\/wp\/v2\/tags?post=80632"}],"curies":[{"name":"wp","href":"https:\/\/api.w.org\/{rel}","templated":true}]}}