{"id":80609,"date":"2006-02-14T23:31:13","date_gmt":"2006-02-14T22:31:13","guid":{"rendered":"https:\/\/mediarun.com\/index.php\/news-posts\/tvp-o-bialorusi\/"},"modified":"2006-02-14T23:31:13","modified_gmt":"2006-02-14T22:31:13","slug":"tvp-o-bialorusi","status":"publish","type":"post","link":"https:\/\/mediarun.com\/pl\/media\/tv\/tvp-o-bialorusi.html","title":{"rendered":"TVP o Bia\u0142orusi"},"content":{"rendered":"<p>Program &#8222;Bia\u0142oru\u015b, Bia\u0142oru\u015b&#8221; nadawany w soboty w TVP1, o godz. 6.30, po 5 marca b\u0119dzie powtarzany w TV Polonia o lepszej ni\u017c dotychczas porze &#8211; w niedziele o godz. 11.35 ( do 5 marca &#8211; soboty 12.35).  <\/p>\n<p>TVP planuje tak\u017ce przygotowanie specjalnego bloku publicystyczno-informacyjnego po\u015bwi\u0119conego marcowym wyborom prezydenckimi na Bia\u0142orusi. W sobot\u0119, 12 marca o godz. 17.37, Jedynka transmitowa\u0107 b\u0119dzie fragmenty koncertu &#8222;Solidarni z Bia\u0142orusi\u0105&#8221; z Rynku Nowego Miasta w Warszawie. W\u015br\u00f3d gwiazd znajd\u0105 si\u0119 polscy i bia\u0142oruscy arty\u015bci. <\/p>\n","protected":false},"excerpt":{"rendered":"Telewizja Polska nie przejdzie oboj\u0119tnie obok problemu Bia\u0142orusi. Informacje o przygotowaniach i przebiegu zaplanowanych na 19 marca wybor\u00f3w b\u0119d\u0105 si\u0119 pojawia\u0107 w najwa\u017cniejszych programach informacyjnych. Dla Wiadomo\u015bci, wydarzenia na Bia\u0142orusi relacjonowa\u0142 b\u0119dzie Jacek Gasi\u0144ski.","protected":false},"author":1,"featured_media":80610,"comment_status":"open","ping_status":"closed","sticky":false,"template":"","format":"standard","meta":{"csco_display_header_overlay":false,"csco_singular_sidebar":"","csco_page_header_type":"","csco_page_load_nextpost":"","csco_post_video_location":[],"csco_post_video_location_hash":"","csco_post_video_url":"","csco_post_video_bg_start_time":0,"csco_post_video_bg_end_time":0,"footnotes":""},"categories":[9670],"tags":[],"class_list":{"0":"post-80609","1":"post","2":"type-post","3":"status-publish","4":"format-standard","5":"has-post-thumbnail","7":"category-tv","8":"cs-entry","9":"cs-video-wrap"},"_links":{"self":[{"href":"https:\/\/mediarun.com\/pl\/wp-json\/wp\/v2\/posts\/80609","targetHints":{"allow":["GET"]}}],"collection":[{"href":"https:\/\/mediarun.com\/pl\/wp-json\/wp\/v2\/posts"}],"about":[{"href":"https:\/\/mediarun.com\/pl\/wp-json\/wp\/v2\/types\/post"}],"author":[{"embeddable":true,"href":"https:\/\/mediarun.com\/pl\/wp-json\/wp\/v2\/users\/1"}],"replies":[{"embeddable":true,"href":"https:\/\/mediarun.com\/pl\/wp-json\/wp\/v2\/comments?post=80609"}],"version-history":[{"count":0,"href":"https:\/\/mediarun.com\/pl\/wp-json\/wp\/v2\/posts\/80609\/revisions"}],"wp:featuredmedia":[{"embeddable":true,"href":"https:\/\/mediarun.com\/pl\/wp-json\/wp\/v2\/media\/80610"}],"wp:attachment":[{"href":"https:\/\/mediarun.com\/pl\/wp-json\/wp\/v2\/media?parent=80609"}],"wp:term":[{"taxonomy":"category","embeddable":true,"href":"https:\/\/mediarun.com\/pl\/wp-json\/wp\/v2\/categories?post=80609"},{"taxonomy":"post_tag","embeddable":true,"href":"https:\/\/mediarun.com\/pl\/wp-json\/wp\/v2\/tags?post=80609"}],"curies":[{"name":"wp","href":"https:\/\/api.w.org\/{rel}","templated":true}]}}