{"id":80601,"date":"2006-02-15T06:00:00","date_gmt":"2006-02-15T05:00:00","guid":{"rendered":"https:\/\/mediarun.com\/index.php\/news-posts\/wybrano-twarz-galerii-mokotow\/"},"modified":"2006-02-15T06:00:00","modified_gmt":"2006-02-15T05:00:00","slug":"wybrano-twarz-galerii-mokotow","status":"publish","type":"post","link":"https:\/\/mediarun.com\/pl\/inne\/wybrano-twarz-galerii-mokotow.html","title":{"rendered":"Wybrano twarz Galerii Mokot\u00f3w"},"content":{"rendered":"<p><P>reklamowej w tym roku. Zosta\u0142a ni\u0105 21-letnia Milena Majewska. W konkursie na twarz Galerii Mokot\u00f3w wzi\u0119\u0142o udzia\u0142 ponad 200 kandydatek.<\/P><br \/>\n<P>Casting na twarz Galerii Mokot\u00f3w odby\u0142 si\u0119 w weekend, 4-5 lutego br. Milena Majewska ma 174 cm wzrostu, br\u0105zowe w\u0142osy i zielone oczy. Obecnie studiuje na III roku politologii w Szczecinie.<\/P><\/p>\n","protected":false},"excerpt":{"rendered":"Po tygodniowych debatach jury wy\u0142oni\u0142o zwyci\u0119\u017cczyni\u0119 castingu na twarz Galerii Mokot\u00f3w, kt\u00f3ra we\u017amie udzia\u0142 w kampanii&#8230;","protected":false},"author":1,"featured_media":80602,"comment_status":"open","ping_status":"closed","sticky":false,"template":"","format":"standard","meta":{"csco_display_header_overlay":false,"csco_singular_sidebar":"","csco_page_header_type":"","csco_page_load_nextpost":"","csco_post_video_location":[],"csco_post_video_location_hash":"","csco_post_video_url":"","csco_post_video_bg_start_time":0,"csco_post_video_bg_end_time":0,"footnotes":""},"categories":[47],"tags":[],"class_list":{"0":"post-80601","1":"post","2":"type-post","3":"status-publish","4":"format-standard","5":"has-post-thumbnail","7":"category-inne","8":"cs-entry","9":"cs-video-wrap"},"_links":{"self":[{"href":"https:\/\/mediarun.com\/pl\/wp-json\/wp\/v2\/posts\/80601","targetHints":{"allow":["GET"]}}],"collection":[{"href":"https:\/\/mediarun.com\/pl\/wp-json\/wp\/v2\/posts"}],"about":[{"href":"https:\/\/mediarun.com\/pl\/wp-json\/wp\/v2\/types\/post"}],"author":[{"embeddable":true,"href":"https:\/\/mediarun.com\/pl\/wp-json\/wp\/v2\/users\/1"}],"replies":[{"embeddable":true,"href":"https:\/\/mediarun.com\/pl\/wp-json\/wp\/v2\/comments?post=80601"}],"version-history":[{"count":0,"href":"https:\/\/mediarun.com\/pl\/wp-json\/wp\/v2\/posts\/80601\/revisions"}],"wp:featuredmedia":[{"embeddable":true,"href":"https:\/\/mediarun.com\/pl\/wp-json\/wp\/v2\/media\/80602"}],"wp:attachment":[{"href":"https:\/\/mediarun.com\/pl\/wp-json\/wp\/v2\/media?parent=80601"}],"wp:term":[{"taxonomy":"category","embeddable":true,"href":"https:\/\/mediarun.com\/pl\/wp-json\/wp\/v2\/categories?post=80601"},{"taxonomy":"post_tag","embeddable":true,"href":"https:\/\/mediarun.com\/pl\/wp-json\/wp\/v2\/tags?post=80601"}],"curies":[{"name":"wp","href":"https:\/\/api.w.org\/{rel}","templated":true}]}}