{"id":80559,"date":"2006-02-15T19:55:08","date_gmt":"2006-02-15T18:55:08","guid":{"rendered":"https:\/\/mediarun.com\/index.php\/news-posts\/wiosna-w-tvn\/"},"modified":"2006-02-15T19:55:08","modified_gmt":"2006-02-15T18:55:08","slug":"wiosna-w-tvn","status":"publish","type":"post","link":"https:\/\/mediarun.com\/pl\/media\/tv\/wiosna-w-tvn.html","title":{"rendered":"Wiosna w TVN"},"content":{"rendered":"<p>Nowa ram\u00f3wka rusza w poniedzia\u0142ek 6 marca. TVN nadal chce by\u0107 &#8222;programowo najlepsza&#8221;.  &#8211; W dni powszechne mi\u0119dzy 16.00 a 21.30 emitowane b\u0119dzie &#8222;pasmo stabilizacyjne&#8221;, w kt\u00f3rym pokazywane b\u0119d\u0105 audycje, kt\u00f3re maj\u0105 zapewni\u0107 kana\u0142owi pewn\u0105, sta\u0142\u0105 widowni\u0119 &#8211; t\u0142umaczy\u0142 Edward Miszczak, dyr. programowy TVN<\/p>\n<p>Now\u0105 por\u0119 emisji otrzymaj\u0105 popo\u0142udniowe Fakty, b\u0119d\u0105 si\u0119 rozpoczyna\u0142y o godzinie 16.00. &#8211; To dobra pora dla news\u00f3w, poprzednia cho\u0107 gwarantowa\u0142a TVN udzia\u0142y na poziome 20 proc. nie przyj\u0119\u0142a si\u0119. Widzowie s\u0105 przyzwyczajeni do serwis\u00f3w o pe\u0142nym godzinach &#8211;powiedzia\u0142 portalowi MediaLink.pl Edward Miszczak<\/p>\n<p>Kwadrans po serwisie rozpocznie si\u0119 court show (&#8222;S\u0105d Karny&#8221;) &#8211; program realizowany na sali s\u0105dowej. Producentem audycji jest niemiecka firma Constantin Entertaiment. Stacja nie ma wobec formatu sprecyzowanych wymaga\u0144, zostan\u0105 one postawione przy okazji jesiennej ram\u00f3wki. Europejskim pionierem w tym zakresie jest Sat.1. Paru nadawc\u00f3w pr\u00f3bowa\u0142o eksportowa\u0107 format do Polski &#8211; bez wi\u0119kszych sukces\u00f3w.  <\/p>\n<p>Tu\u017c po audycji emitowane b\u0119d\u0105 od\u015bwie\u017cone &#8222;Rozmowy w Toku&#8221;. Program zmieni scenografi\u0119. B\u0119dzie wi\u0119cej rozm\u00f3w z obecn\u0105 w studiu publiczno\u015bci\u0105. Przed &#8222;Faktami&#8221; ma pojawia\u0107 si\u0119 docu-crime &#8222;Detektywi&#8221;, a o 20.15 wy\u015bwietlany b\u0119dzie serial &#8222;W11-Wydzia\u0142 \u015aledczy&#8221;, kt\u00f3ry dobrze radzi sobie w nowym pa\u015bmie. W dniu emisji fabularnego hitu TVP2, format osi\u0105gn\u0105\u0142 wyniki na poziomie 6 proc. &#8222;Pasmo stabilizacyjne&#8221; zako\u0144czy serial &#8222;Na wsp\u00f3lnej&#8221;.<\/p>\n<p><?plik(4416,'center','Nowi bohaterowie \"Rozm\u00f3w w t\u0142oku\" Szymona Majewskiego. Zobaczymy w nich mi. in. Nin\u0119 Terentiew, Jana Rokit\u0119 i Hann\u0119 Gronkiewicz-Waltz\/ fot. TVN')?><\/p>\n<p>W poniedzia\u0142ki emitowane b\u0119d\u0105 nowe odcinki &#8222;Szymon Majewski Show&#8221;. O godzinie 22.30 na antenie pojawia\u0107 si\u0119 b\u0119dzie program rozrywkowy &#8222;Agencja&#8221;, w kt\u00f3rym w rol\u0119 detektyw\u00f3w wciel\u0105 si\u0119 ludzie zupe\u0142nie nie\u015bwiadomi uczestnictwa w telewizyjnym Truman Show &#8211; Prace nad przedsi\u0119wzi\u0119ciem rozpocz\u0119\u0142y si\u0119 ju\u017c w 2004 roku, to ca\u0142kowicie polski pomys\u0142 &#8211; powiedzia\u0142 nam Andrzej So\u0142tysik, prowadz\u0105cy audycj\u0119<\/p>\n<p><?plik(4420,'center','Andrzej So\u0142tysik w nowym programie \"Agencja\"\/ fot. TVN')?><\/p>\n<p>We wtorki emitowana b\u0119dzie nowa seria &#8222;Magdy M&#8221;, na antenie zago\u015bci polityczny talk-show &#8222;Teraz My&#8221;. \u015arody i czwartki to czas pasm filmowych. W ramach &#8222;Prawdziwych historii&#8221; w kwietniu i maju emitowane b\u0119d\u0105 &#8222;Wielkie ucieczki&#8221; Tomasza Sianeckiego.<\/p>\n<p>W weekendy kontynuowane b\u0119dzie poranne pasmo &#8222;Dzie\u0144 Dobry TVN&#8221;. Program w pierwszych miesi\u0105cach obni\u017ca\u0142 pasmow\u0105 ogl\u0105dalno\u015b\u0107 stacji. Poranku na \u017cywo broni\u0105 jednak w\u0142adze telewizji. Obecnie audycja \u015brednio ma cztery punkty raitingowe. Wbrew spekulacjom &#8222;Faktu&#8221;, sk\u0142ad prowadz\u0105cych morning show nie zmieni si\u0119. Magda Mo\u0142ek zostanie w programie.<\/p>\n<p><?plik(4417,'center','Komisarz Zawada z serialu \"Kryminalni\" b\u0119dzie pracowa\u0142 na rozwi\u0105zaniem zagadki na \u015al\u0105sku\/ fot. TVN')?><\/p>\n<p>W soboty pojawi si\u0119 kolejna seria &#8222;Nianii&#8221;. W drugiej serii serialu go\u015bcinnie wyst\u0105pi wielu aktor\u00f3w i gwiazd polskiej sceny muzycznej. W &#8222;Kryminalnych&#8221; zobaczymy dw\u00f3ch nowych policjant\u00f3w, kt\u00f3rzy b\u0119d\u0105 towarzyszy\u0107 komisarzowi Zawadzie.  W niedziel\u0119 na antenie TVN &#8222;Taniec z gwiazdami&#8221; i magazyn &#8222;Orange Ekstraklasa&#8221;, kt\u00f3rego emisja zostanie wsparta kampani\u0105 bliboardow\u0105. P\u00f3\u017anym wieczorem magazyn popularno-naukowy &#8222;Nie do wiary&#8221;.<\/p>\n<p><?plik(4418,'center','Go\u015bcinny wyst\u0119p Cezarego Pazury w \"Nianii\"\/ fot. TVN')?><\/p>\n<p>Wiosn\u0105 TVN poka\u017ce kilka filmowych hit\u00f3w. B\u0119d\u0105 to m.in. &#8222;Matrix Reaktywacja&#8221;, &#8222;Nigdy w \u017byciu&#8221; czy &#8222;Harry Potter i kamie\u0144 filozoficzny&#8221;. Pojawi si\u0119 serial Stevena Spielberga &#8222;Wybra\u0144cy Obcych&#8221;.<\/p>\n","protected":false},"excerpt":{"rendered":"Telewizja TVN zaprezentowa\u0142a dziennikarzom swoj\u0105 wiosenn\u0105 ram\u00f3wk\u0119 &#8211; nawi\u0105zuj\u0105c do emitowanego od wielu lat programu &#8222;Nie do wiary&#8221;. Maciej Trojanowski w &#8222;Strefie 11&#8221; bada\u0142 fenomen stacji. Wiosenny program to sprawdzone formaty w &#8222;odkurzonej&#8221; wersji i kilka nowo\u015bci. Celem TVN jest osi\u0105gni\u0119cie udzia\u0142u w rynku na poziomie 16 proc.","protected":false},"author":1,"featured_media":0,"comment_status":"open","ping_status":"closed","sticky":false,"template":"","format":"standard","meta":{"csco_display_header_overlay":false,"csco_singular_sidebar":"","csco_page_header_type":"","csco_page_load_nextpost":"","csco_post_video_location":[],"csco_post_video_location_hash":"","csco_post_video_url":"","csco_post_video_bg_start_time":0,"csco_post_video_bg_end_time":0,"footnotes":""},"categories":[9670],"tags":[],"class_list":{"0":"post-80559","1":"post","2":"type-post","3":"status-publish","4":"format-standard","6":"category-tv","7":"cs-entry","8":"cs-video-wrap"},"_links":{"self":[{"href":"https:\/\/mediarun.com\/pl\/wp-json\/wp\/v2\/posts\/80559","targetHints":{"allow":["GET"]}}],"collection":[{"href":"https:\/\/mediarun.com\/pl\/wp-json\/wp\/v2\/posts"}],"about":[{"href":"https:\/\/mediarun.com\/pl\/wp-json\/wp\/v2\/types\/post"}],"author":[{"embeddable":true,"href":"https:\/\/mediarun.com\/pl\/wp-json\/wp\/v2\/users\/1"}],"replies":[{"embeddable":true,"href":"https:\/\/mediarun.com\/pl\/wp-json\/wp\/v2\/comments?post=80559"}],"version-history":[{"count":0,"href":"https:\/\/mediarun.com\/pl\/wp-json\/wp\/v2\/posts\/80559\/revisions"}],"wp:attachment":[{"href":"https:\/\/mediarun.com\/pl\/wp-json\/wp\/v2\/media?parent=80559"}],"wp:term":[{"taxonomy":"category","embeddable":true,"href":"https:\/\/mediarun.com\/pl\/wp-json\/wp\/v2\/categories?post=80559"},{"taxonomy":"post_tag","embeddable":true,"href":"https:\/\/mediarun.com\/pl\/wp-json\/wp\/v2\/tags?post=80559"}],"curies":[{"name":"wp","href":"https:\/\/api.w.org\/{rel}","templated":true}]}}