{"id":80556,"date":"2006-02-15T22:00:30","date_gmt":"2006-02-15T21:00:30","guid":{"rendered":"https:\/\/mediarun.com\/index.php\/news-posts\/plany-programowe-tvn\/"},"modified":"2006-02-15T22:00:30","modified_gmt":"2006-02-15T21:00:30","slug":"plany-programowe-tvn","status":"publish","type":"post","link":"https:\/\/mediarun.com\/pl\/media\/tv\/plany-programowe-tvn.html","title":{"rendered":"Plany programowe TVN"},"content":{"rendered":"<p>Czy polskie \u015bwi\u0119to muzyki ma szans\u0119 sta\u0107 si\u0119 \u015bwi\u0119tem europejskim? Wed\u0142ug Miszczaka, rozmowy prowadzone s\u0105 nie tylko z nadawcami \u015brodkowoeuropejskimi. Kiedy\u015b festiwal w Sopocie skupia\u0142 wykonawc\u00f3w z wielu kraj\u00f3w dawnego bloku wschodniego &#8211; teraz jest szansa na powr\u00f3t do dawnej \u015bwietno\u015bci. <\/p>\n<p>Stacja wi\u0105\u017ce tak\u017ce nadzieje z wypromowanymi przez siebie gwiazdami. Martyna Wojciechowska i Kazimiera Szczuka nie pojawi\u0105 si\u0119 w nowo\u015bciach wiosennej ram\u00f3wki &#8211; TVN nie zapomina jednak o nich. <\/p>\n<p>&#8211; Martyna to nasz niezidentyfikowany obiekt lataj\u0105cy, obecnie zdobywa Himalaje, gdy wr\u00f3ci prawdopodobnie poprowadzi trzeci\u0105 edycj\u0119 &#8222;Misji Martyna&#8221;. Szukamy te\u017c koncepcji dla audycji Kazimiery Szczuki, kt\u00f3ra oczywi\u015bcie ca\u0142y czas go\u015bci u nas ze swoim &#8222;Wydaniem drugim poprawionym &#8221; &#8211; powiedzia\u0142 nam Edward Miszczak<\/p>\n<p>Jesieni\u0105 TVN wyemituje program &#8222;Superniania&#8221;. Rekrutacja uczestnik\u00f3w potrwa do 30 wrze\u015bnia 2006 r. Widzowie b\u0119d\u0105 \u015bledzi\u0107 poszukiwania idealnej opiekunki dla niegrzecznych dzieciak\u00f3w. W innych krajach widowisko znane jest pod nazw\u0105 &#8222;Nanny 911&#8221; lub &#8222;Supernanny&#8221;. <\/p>\n<p>Zapytali\u015bmy Edwarda Miszczaka, czy TVN zamierza przygarn\u0105\u0107 Jacka Federowicza &#8211; i w dalszej perspektywie &#8222;Wielk\u0105 Orkiestr\u0119 \u015awi\u0105tecznej Pomocy&#8221;. &#8211; Nie jeste\u015bmy Ark\u0105 Noego &#8211; powiedzia\u0142 nam dyr. programowy TVN. Artyku\u0142 o pr\u00f3bach ingerencji w programy satyryczne Federowicza opublikowany na \u0142amach &#8222;Gazety Wyborczej&#8221; mo\u017cna odbiera\u0107 jako sygna\u0142 zapraszaj\u0105cy stacje komercyjne do negocjacji z tw\u00f3rc\u0105 &#8222;Dziennika Telewizyjnego&#8221;. <\/p>\n<p>Pod koniec marca powinien ruszy\u0107 nowy kana\u0142 tematyczny TVN Med. Zgodnie z zapowiedziami &#8211; stacja b\u0119dzie kodowana i dost\u0119pna wy\u0142\u0105cznie dla specjalist\u00f3w z bran\u017c medycznej i stomatologicznej. Przygotowania do uruchomienia projektu trwaj\u0105. TVN bada te\u017c rynek pod k\u0105tem uruchomienia dodatkowych kana\u0142\u00f3w tematycznych. <\/p>\n","protected":false},"excerpt":{"rendered":"TVN chce powrotu &#8222;Sopot Festival&#8221; do dawnej \u015bwietno\u015bci. Edward Miszczak, dyr. programowy stacji zdradzi\u0142 portalowi MediaLink.pl, i\u017c trwaj\u0105 negocjacje z kilkunastoma europejskimi stacjami telewizyjnymi, kt\u00f3re mog\u0142yby relacjonowa\u0107 to wydarzenie.","protected":false},"author":1,"featured_media":0,"comment_status":"open","ping_status":"closed","sticky":false,"template":"","format":"standard","meta":{"csco_display_header_overlay":false,"csco_singular_sidebar":"","csco_page_header_type":"","csco_page_load_nextpost":"","csco_post_video_location":[],"csco_post_video_location_hash":"","csco_post_video_url":"","csco_post_video_bg_start_time":0,"csco_post_video_bg_end_time":0,"footnotes":""},"categories":[9670],"tags":[],"class_list":{"0":"post-80556","1":"post","2":"type-post","3":"status-publish","4":"format-standard","6":"category-tv","7":"cs-entry","8":"cs-video-wrap"},"_links":{"self":[{"href":"https:\/\/mediarun.com\/pl\/wp-json\/wp\/v2\/posts\/80556","targetHints":{"allow":["GET"]}}],"collection":[{"href":"https:\/\/mediarun.com\/pl\/wp-json\/wp\/v2\/posts"}],"about":[{"href":"https:\/\/mediarun.com\/pl\/wp-json\/wp\/v2\/types\/post"}],"author":[{"embeddable":true,"href":"https:\/\/mediarun.com\/pl\/wp-json\/wp\/v2\/users\/1"}],"replies":[{"embeddable":true,"href":"https:\/\/mediarun.com\/pl\/wp-json\/wp\/v2\/comments?post=80556"}],"version-history":[{"count":0,"href":"https:\/\/mediarun.com\/pl\/wp-json\/wp\/v2\/posts\/80556\/revisions"}],"wp:attachment":[{"href":"https:\/\/mediarun.com\/pl\/wp-json\/wp\/v2\/media?parent=80556"}],"wp:term":[{"taxonomy":"category","embeddable":true,"href":"https:\/\/mediarun.com\/pl\/wp-json\/wp\/v2\/categories?post=80556"},{"taxonomy":"post_tag","embeddable":true,"href":"https:\/\/mediarun.com\/pl\/wp-json\/wp\/v2\/tags?post=80556"}],"curies":[{"name":"wp","href":"https:\/\/api.w.org\/{rel}","templated":true}]}}