{"id":80555,"date":"2006-02-16T00:33:16","date_gmt":"2006-02-15T23:33:16","guid":{"rendered":"https:\/\/mediarun.com\/index.php\/news-posts\/kamil-durczok-o-pracy-w-faktach\/"},"modified":"2006-02-16T00:33:16","modified_gmt":"2006-02-15T23:33:16","slug":"kamil-durczok-o-pracy-w-faktach","status":"publish","type":"post","link":"https:\/\/mediarun.com\/pl\/media\/tv\/kamil-durczok-o-pracy-w-faktach.html","title":{"rendered":"Kamil Durczok o pracy w &#8222;Faktach&#8221;"},"content":{"rendered":"<p>Durczok po raz kolejny zaprzeczy\u0142, jakoby polityka by\u0142a przyczyn\u0105 jego odej\u015bcia. &#8211; Czysto technicznie rzecz bior\u0105c, to ja mia\u0142em kontrakt do 2007 r., gwarantuj\u0105cy mi niezale\u017cno\u015b\u0107. Gdyby kto\u015b przyszed\u0142 ze z\u0142o\u015bliw\u0105 ch\u0119ci\u0105 pozbycia si\u0119 Durczoka z telewizji, mia\u0142by z tym sporo problem\u00f3w, wi\u0119c to nie by\u0142o powodem mojego odej\u015bcia &#8211; powiedzia\u0142 dziennikarz tygodnikowi &#8222;Polityka&#8221;<\/p>\n<p>By\u0142y dziennikarz TVP podkre\u015bli\u0142, i\u017c telewizja publiczna zawsze by\u0142a obiektem nacisk\u00f3w politycznych. &#8211; Telewizja publiczna nigdy nie mia\u0142a dobrego czasu i \u0142atwego \u017cycia, raz by\u0142o ostrzej, raz mniej ostro, ale zawsze by\u0142a poka\u017ana grupa ludzi niezadowolonych, bo telewizja publiczna dla polityk\u00f3w jest czym\u015b, co jest na wyci\u0105gni\u0119cie r\u0119ki. Czasem tego dotykaj\u0105, manipuluj\u0105, czasem r\u0119ka okazuje si\u0119 za kr\u00f3tka, ale w ich wyobra\u017ceniach telewizja zawsze jest w zasi\u0119gu. &#8211; doda\u0142 Durczok<\/p>\n<p>Kamil Durczok przypomnia\u0142 o konflikcie z prezesem Kwiatkowskim. Po zakazie wyemitowania materia\u0142u o kredycie Millera w banku Gudzowatego prezenter wraz z Katarzyn\u0105 Kolend\u0105-Zalesk\u0105 demonstracyjnie wzi\u0105\u0142 urlop. <\/p>\n<p>Czego widzowie &#8222;Fakt\u00f3w&#8221; TVN mog\u0105 spodziewa\u0107 si\u0119 po Durczoku?<\/p>\n<p>&#8211; By\u0142oby mocno nieeleganckie, gdyby moi przyszli wsp\u00f3\u0142pracownicy dowiadywali si\u0119 o moich planach z prasy &#8211; powiedzia\u0142 &#8222;Polityce&#8221; Kamil Durczok<\/p>\n<p>&#8211; Chcia\u0142bym, aby to by\u0142 taki program, \u017ce ludzie wstrzymuj\u0105 oddech przed 19 zastanawiaj\u0105c si\u0119: Co te\u017c oni poka\u017c\u0105 tym razem. Je\u017celi tak b\u0119dzie, a jest to mo\u017cliwe tylko w grze zespo\u0142owej, bo dla solist\u00f3w jest publicystyka, b\u0119d\u0119 bardzo zadowolony &#8211; doda\u0142 Durczok <\/p>\n","protected":false},"excerpt":{"rendered":"Min\u0105\u0142 tydzie\u0144 od odej\u015bcia Kamila Durczoka z Telewizji Polskiej. Mimo, i\u017c nadal obowi\u0105zuje go okres wypowiedzenia w TVP &#8211; dziennikarz nie ukrywa mnogo\u015bci plan\u00f3w zwi\u0105zanych z przysz\u0142ym miejscem pracy. Cz\u0119\u015b\u0107 z nich wyjawi\u0142 Janinie Paradowskiej z &#8222;Polityki&#8221;.","protected":false},"author":1,"featured_media":0,"comment_status":"open","ping_status":"closed","sticky":false,"template":"","format":"standard","meta":{"csco_display_header_overlay":false,"csco_singular_sidebar":"","csco_page_header_type":"","csco_page_load_nextpost":"","csco_post_video_location":[],"csco_post_video_location_hash":"","csco_post_video_url":"","csco_post_video_bg_start_time":0,"csco_post_video_bg_end_time":0,"footnotes":""},"categories":[9670],"tags":[],"class_list":{"0":"post-80555","1":"post","2":"type-post","3":"status-publish","4":"format-standard","6":"category-tv","7":"cs-entry","8":"cs-video-wrap"},"_links":{"self":[{"href":"https:\/\/mediarun.com\/pl\/wp-json\/wp\/v2\/posts\/80555","targetHints":{"allow":["GET"]}}],"collection":[{"href":"https:\/\/mediarun.com\/pl\/wp-json\/wp\/v2\/posts"}],"about":[{"href":"https:\/\/mediarun.com\/pl\/wp-json\/wp\/v2\/types\/post"}],"author":[{"embeddable":true,"href":"https:\/\/mediarun.com\/pl\/wp-json\/wp\/v2\/users\/1"}],"replies":[{"embeddable":true,"href":"https:\/\/mediarun.com\/pl\/wp-json\/wp\/v2\/comments?post=80555"}],"version-history":[{"count":0,"href":"https:\/\/mediarun.com\/pl\/wp-json\/wp\/v2\/posts\/80555\/revisions"}],"wp:attachment":[{"href":"https:\/\/mediarun.com\/pl\/wp-json\/wp\/v2\/media?parent=80555"}],"wp:term":[{"taxonomy":"category","embeddable":true,"href":"https:\/\/mediarun.com\/pl\/wp-json\/wp\/v2\/categories?post=80555"},{"taxonomy":"post_tag","embeddable":true,"href":"https:\/\/mediarun.com\/pl\/wp-json\/wp\/v2\/tags?post=80555"}],"curies":[{"name":"wp","href":"https:\/\/api.w.org\/{rel}","templated":true}]}}