{"id":80534,"date":"2006-02-16T01:23:57","date_gmt":"2006-02-16T00:23:57","guid":{"rendered":"https:\/\/mediarun.com\/index.php\/news-posts\/wielki-konkurs-literacki-claudii\/"},"modified":"2006-02-16T01:23:57","modified_gmt":"2006-02-16T00:23:57","slug":"wielki-konkurs-literacki-claudii","status":"publish","type":"post","link":"https:\/\/mediarun.com\/pl\/media\/prasa\/wielki-konkurs-literacki-claudii.html","title":{"rendered":"Wielki Konkurs Literacki Claudii"},"content":{"rendered":"<p>Uczestnikiem konkursu mo\u017ce by\u0107 ka\u017cdy, kto uko\u0144czy\u0142 16 lat i mieszka w Polsce. Do 31 lipca 2006 roku organizatorzy konkursu czekaj\u0105 na wsp\u00f3\u0142czesne powie\u015bci poruszaj\u0105ce aktualne problemy, min. samotno\u015b\u0107, zagubienie, mi\u0142osne wzloty i upadki. <\/p>\n<p>Spo\u015br\u00f3d nades\u0142anych prac, 5 najlepszych wybierze profesjonalne jury w sk\u0142adzie:<br \/>\nMonika Szwaja (pisarka),<br \/>\nJanusz L. Wi\u015bniewski (pisarz),<br \/>\nDorota Malinowska-Grupi\u0144ska (wydawca),<br \/>\nJan Ko\u017abiel (redaktor ksi\u0105\u017cek),<br \/>\nRafa\u0142 Grupi\u0144ski (krytyk literacki i wydawca),<br \/>\nAnna Dmowska-Kutzner (z-ca redaktor naczelnej &#8222;Claudii&#8221;) <\/p>\n<p>Na zwyci\u0119zc\u00f3w czekaj\u0105 nagrody:<br \/>\nI miejsce &#8211; publikacja ksi\u0105\u017cki, udzia\u0142 w wieczorze autorskim promuj\u0105cym wyr\u00f3\u017cnion\u0105 powie\u015b\u0107,<br \/>\nnagroda pieni\u0119\u017cna 10 000 z\u0142<br \/>\nII i III miejsce &#8211; publikacja ksi\u0105\u017cki, pi\u0119ciodniowy pobyt dla dw\u00f3ch os\u00f3b w hotelu Nefretete Medical SPA w Krakowie z pe\u0142nym wy\u017cywieniem oraz pakietem zabieg\u00f3w Thalgo<br \/>\nI i II wyr\u00f3\u017cnienie &#8211; 3-dniowa wycieczka do Wiednia dla 2 os\u00f3b ufundowana przez Biuro Podr\u00f3\u017cy ITAKA.<\/p>\n","protected":false},"excerpt":{"rendered":"Pod has\u0142em &#8222;Kolory \u017cycia&#8221; miesi\u0119cznik &#8222;Claudia&#8221; oraz Pr\u00f3szy\u0144ski i S-ka SA og\u0142aszaj\u0105 Wielki Konkurs Literacki na powie\u015b\u0107 wsp\u00f3\u0142czesn\u0105. To wyj\u0105tkowa okazja dla wszystkich pisz\u0105cych do szuflady, aby pokaza\u0107 pr\u00f3bk\u0119 swojego talentu \u015bwiatu, a dla zwyci\u0119zc\u00f3w &#8211; szansa na wydanie w\u0142asnej powie\u015bci.","protected":false},"author":1,"featured_media":0,"comment_status":"open","ping_status":"closed","sticky":false,"template":"","format":"standard","meta":{"csco_display_header_overlay":false,"csco_singular_sidebar":"","csco_page_header_type":"","csco_page_load_nextpost":"","csco_post_video_location":[],"csco_post_video_location_hash":"","csco_post_video_url":"","csco_post_video_bg_start_time":0,"csco_post_video_bg_end_time":0,"footnotes":""},"categories":[9673],"tags":[],"class_list":{"0":"post-80534","1":"post","2":"type-post","3":"status-publish","4":"format-standard","6":"category-prasa","7":"cs-entry","8":"cs-video-wrap"},"_links":{"self":[{"href":"https:\/\/mediarun.com\/pl\/wp-json\/wp\/v2\/posts\/80534","targetHints":{"allow":["GET"]}}],"collection":[{"href":"https:\/\/mediarun.com\/pl\/wp-json\/wp\/v2\/posts"}],"about":[{"href":"https:\/\/mediarun.com\/pl\/wp-json\/wp\/v2\/types\/post"}],"author":[{"embeddable":true,"href":"https:\/\/mediarun.com\/pl\/wp-json\/wp\/v2\/users\/1"}],"replies":[{"embeddable":true,"href":"https:\/\/mediarun.com\/pl\/wp-json\/wp\/v2\/comments?post=80534"}],"version-history":[{"count":0,"href":"https:\/\/mediarun.com\/pl\/wp-json\/wp\/v2\/posts\/80534\/revisions"}],"wp:attachment":[{"href":"https:\/\/mediarun.com\/pl\/wp-json\/wp\/v2\/media?parent=80534"}],"wp:term":[{"taxonomy":"category","embeddable":true,"href":"https:\/\/mediarun.com\/pl\/wp-json\/wp\/v2\/categories?post=80534"},{"taxonomy":"post_tag","embeddable":true,"href":"https:\/\/mediarun.com\/pl\/wp-json\/wp\/v2\/tags?post=80534"}],"curies":[{"name":"wp","href":"https:\/\/api.w.org\/{rel}","templated":true}]}}