{"id":80528,"date":"2006-02-16T01:42:38","date_gmt":"2006-02-16T00:42:38","guid":{"rendered":"https:\/\/mediarun.com\/index.php\/news-posts\/zakonczona-przebudowa-tvp-w-toruniu\/"},"modified":"2006-02-16T01:42:38","modified_gmt":"2006-02-16T00:42:38","slug":"zakonczona-przebudowa-tvp-w-toruniu","status":"publish","type":"post","link":"https:\/\/mediarun.com\/pl\/media\/tv\/zakonczona-przebudowa-tvp-w-toruniu.html","title":{"rendered":"Zako\u0144czona przebudowa TVP w Toruniu"},"content":{"rendered":"<p>Dysponuje ona pokojem redakcyjnym, \/ z komputerami pracuj\u0105cymi w sieci TVP\/, studiem, re\u017cyserk\u0105 z mikserami wizji i fonii, zestawem monta\u017cowym oraz pe\u0142nym wyposa\u017ceniem ekipy reporterskiej \/kamera, mikser d\u017awi\u0119kowy, samoch\u00f3d\/. Na te inwestycje w ci\u0105gu ostatnich kilku miesi\u0119cy wydano ponad 400 tysi\u0119cy z\u0142otych.  <\/p>\n<p>W redakcji zatrudnionych jest na etacie i na zasadzie wsp\u00f3\u0142pracy pi\u0119\u0107 os\u00f3b &#8211; dw\u00f3ch dziennikarzy, operator kamery, d\u017awi\u0119kowiec, asystent techniczny &#8211; monta\u017cysta. Z oddzia\u0142em na sta\u0142e wsp\u00f3\u0142pracuje r\u00f3wnie\u017c toru\u0144ska dziennikarka &#8222;Rzeczpospolitej&#8221;, kt\u00f3ra prowadzi program Rozmowy Dnia. W ramach umowy generalnej TVP z firm\u0105 Emitel rozpocz\u0119to te\u017c procedur\u0119 realizacji sta\u0142ego \u0142\u0105cza, kt\u00f3re umo\u017cliwi bezpo\u015bredni przekaz sygna\u0142u do Oddzia\u0142u TVP w Bydgoszczy. Redakcja mie\u015bci sie w Toruniu przy ulicy Kopernika 4. <\/p>\n","protected":false},"excerpt":{"rendered":"5 lutego zako\u0144czono prace zwi\u0105zane z przebudow\u0105 pomieszcze\u0144 redakcji TVP w Toruniu oraz jej technicznym wyposa\u017ceniem.","protected":false},"author":1,"featured_media":80529,"comment_status":"open","ping_status":"closed","sticky":false,"template":"","format":"standard","meta":{"csco_display_header_overlay":false,"csco_singular_sidebar":"","csco_page_header_type":"","csco_page_load_nextpost":"","csco_post_video_location":[],"csco_post_video_location_hash":"","csco_post_video_url":"","csco_post_video_bg_start_time":0,"csco_post_video_bg_end_time":0,"footnotes":""},"categories":[9670],"tags":[],"class_list":{"0":"post-80528","1":"post","2":"type-post","3":"status-publish","4":"format-standard","5":"has-post-thumbnail","7":"category-tv","8":"cs-entry","9":"cs-video-wrap"},"_links":{"self":[{"href":"https:\/\/mediarun.com\/pl\/wp-json\/wp\/v2\/posts\/80528","targetHints":{"allow":["GET"]}}],"collection":[{"href":"https:\/\/mediarun.com\/pl\/wp-json\/wp\/v2\/posts"}],"about":[{"href":"https:\/\/mediarun.com\/pl\/wp-json\/wp\/v2\/types\/post"}],"author":[{"embeddable":true,"href":"https:\/\/mediarun.com\/pl\/wp-json\/wp\/v2\/users\/1"}],"replies":[{"embeddable":true,"href":"https:\/\/mediarun.com\/pl\/wp-json\/wp\/v2\/comments?post=80528"}],"version-history":[{"count":0,"href":"https:\/\/mediarun.com\/pl\/wp-json\/wp\/v2\/posts\/80528\/revisions"}],"wp:featuredmedia":[{"embeddable":true,"href":"https:\/\/mediarun.com\/pl\/wp-json\/wp\/v2\/media\/80529"}],"wp:attachment":[{"href":"https:\/\/mediarun.com\/pl\/wp-json\/wp\/v2\/media?parent=80528"}],"wp:term":[{"taxonomy":"category","embeddable":true,"href":"https:\/\/mediarun.com\/pl\/wp-json\/wp\/v2\/categories?post=80528"},{"taxonomy":"post_tag","embeddable":true,"href":"https:\/\/mediarun.com\/pl\/wp-json\/wp\/v2\/tags?post=80528"}],"curies":[{"name":"wp","href":"https:\/\/api.w.org\/{rel}","templated":true}]}}