{"id":80526,"date":"2006-02-16T01:50:54","date_gmt":"2006-02-16T00:50:54","guid":{"rendered":"https:\/\/mediarun.com\/index.php\/news-posts\/episkopat-traci-cierpliwosc-do-o-rydzyka\/"},"modified":"2006-02-16T01:50:54","modified_gmt":"2006-02-16T00:50:54","slug":"episkopat-traci-cierpliwosc-do-o-rydzyka","status":"publish","type":"post","link":"https:\/\/mediarun.com\/pl\/media\/radio\/episkopat-traci-cierpliwosc-do-o-rydzyka.html","title":{"rendered":"Episkopat traci cierpliwo\u015b\u0107 do o. Rydzyka"},"content":{"rendered":"<p>&#8211; To niezwykle ostre upomnienie zawiera list do o. Zdzis\u0142awa Klafki &#8211; prowincja\u0142a polskich redemptoryst\u00f3w i zwierzchnika o. Tadeusza Rydzyka. List podpisali abp J\u00f3zef Michalik, przewodnicz\u0105cy Konferencji Episkopatu Polski, jego zast\u0119pca abp Stanis\u0142aw G\u0105decki i bp Piotr Libera, sekretarz generalny Konferencji. &#8211; pisze &#8222;Gazeta Wyborcza&#8221;<\/p>\n<p>&#8211; Pismo, kt\u00f3re mia\u0142o pozosta\u0107 tajemnic\u0105, zosta\u0142o wys\u0142ane 7 lutego &#8211; kilka dni po podpisaniu paktu stabilizacyjnego PiS-Samoobrona-LPR, kt\u00f3re odby\u0142o si\u0119 tylko w obecno\u015bci dziennikarzy Radia Maryja, TV Trwam i &#8222;Naszego Dziennika&#8221;. Fragmenty listu ujawni\u0142 wczoraj &#8222;Go\u015b\u0107 Niedzielny&#8221; i portal Wiara.pl. &#8211; donosi dziennik<\/p>\n<p>&#8211; W zwi\u0105zku z sytuacj\u0105 zaistnia\u0142\u0105 dnia 2 lutego br., w kt\u00f3rej obecno\u015b\u0107 Radia Maryja i Telewizji Trwam w dokonuj\u0105cych si\u0119 aktach politycznych w Parlamencie sprawi\u0142a, \u017ce Ko\u015bci\u00f3\u0142 jest postrzegany jako strona jednoznacznie popieraj\u0105ca jedn\u0105 parti\u0119 polityczn\u0105, Prezydium Episkopatu Polski poczuwa si\u0119 w obowi\u0105zku upomnie\u0107 Ojca Prowincja\u0142a, kt\u00f3ry jest odpowiedzialny za dzia\u0142alno\u015b\u0107 i zaanga\u017cowanie Ojc\u00f3w prowadz\u0105cych powy\u017csze media &#8211; czytamy.<\/p>\n","protected":false},"excerpt":{"rendered":"Z powodu medi\u00f3w o. Rydzyka &#8222;Ko\u015bci\u00f3\u0142 jest postrzegany jako strona jednoznacznie popieraj\u0105ca jedn\u0105 parti\u0119 polityczn\u0105&#8221; &#8211; napisali najwy\u017csi hierarchowie Ko\u015bcio\u0142a do prze\u0142o\u017conego zakonu redemptoryst\u00f3w, do kt\u00f3rych nale\u017cy Radio Maryja i TV Trwam","protected":false},"author":1,"featured_media":0,"comment_status":"open","ping_status":"closed","sticky":false,"template":"","format":"standard","meta":{"csco_display_header_overlay":false,"csco_singular_sidebar":"","csco_page_header_type":"","csco_page_load_nextpost":"","csco_post_video_location":[],"csco_post_video_location_hash":"","csco_post_video_url":"","csco_post_video_bg_start_time":0,"csco_post_video_bg_end_time":0,"footnotes":""},"categories":[9672],"tags":[],"class_list":{"0":"post-80526","1":"post","2":"type-post","3":"status-publish","4":"format-standard","6":"category-radio","7":"cs-entry","8":"cs-video-wrap"},"_links":{"self":[{"href":"https:\/\/mediarun.com\/pl\/wp-json\/wp\/v2\/posts\/80526","targetHints":{"allow":["GET"]}}],"collection":[{"href":"https:\/\/mediarun.com\/pl\/wp-json\/wp\/v2\/posts"}],"about":[{"href":"https:\/\/mediarun.com\/pl\/wp-json\/wp\/v2\/types\/post"}],"author":[{"embeddable":true,"href":"https:\/\/mediarun.com\/pl\/wp-json\/wp\/v2\/users\/1"}],"replies":[{"embeddable":true,"href":"https:\/\/mediarun.com\/pl\/wp-json\/wp\/v2\/comments?post=80526"}],"version-history":[{"count":0,"href":"https:\/\/mediarun.com\/pl\/wp-json\/wp\/v2\/posts\/80526\/revisions"}],"wp:attachment":[{"href":"https:\/\/mediarun.com\/pl\/wp-json\/wp\/v2\/media?parent=80526"}],"wp:term":[{"taxonomy":"category","embeddable":true,"href":"https:\/\/mediarun.com\/pl\/wp-json\/wp\/v2\/categories?post=80526"},{"taxonomy":"post_tag","embeddable":true,"href":"https:\/\/mediarun.com\/pl\/wp-json\/wp\/v2\/tags?post=80526"}],"curies":[{"name":"wp","href":"https:\/\/api.w.org\/{rel}","templated":true}]}}