{"id":80493,"date":"2006-02-16T06:00:00","date_gmt":"2006-02-16T05:00:00","guid":{"rendered":"https:\/\/mediarun.com\/index.php\/news-posts\/magda-molek-odsunieta\/"},"modified":"2006-02-16T06:00:00","modified_gmt":"2006-02-16T05:00:00","slug":"magda-molek-odsunieta","status":"publish","type":"post","link":"https:\/\/mediarun.com\/pl\/media\/tv\/magda-molek-odsunieta.html","title":{"rendered":"Magda Mo\u0142ek odsuni\u0119ta"},"content":{"rendered":"<p><P>Zdaniem dziennika &#8222;z pogard\u0105 potraktowa\u0142a w\u00f3wczas goszcz\u0105cego w studiu Kevina Aistona, jednak szczyt niestosownego zachowania prezenterki widzowie obserwowa\u0107 mogli podczas wizyty Micha\u0142a Wi\u015bniewskiego&#8221;.<\/P><br \/>\n<P>&#8211; W TVN a\u017c huczy od plotek, \u017ce dosta\u0142a reprymend\u0119 i mo\u017ce wr\u00f3ci do programu, jak nad sob\u0105 popracuje &#8211; twierdzi Fakt. &#8211; Magda Mo\u0142ek&nbsp;uwa\u017ca si\u0119 za gwiazd\u0119, ale jej szefom to nie wystarcza. \u017b\u0105daj\u0105 od niej profesjonalizmu. A \u017ce go nie wykazuje, odsun\u0119li j\u0105 od programu &#8211; czytamy w tabloidzie.<\/P><br \/>\n<P>Uwagi widz\u00f3w i prze\u0142o\u017conych prowadz\u0105cej dotycz\u0105 przede wszystkim wydania z soboty, 4 lutego. Po tym, gdy Kevin Aiston po\u0142o\u017cy\u0142 d\u0142o\u0144 na jej ramieniu, poinformowa\u0142a, \u017ce nie lubi, gdy j\u0105 kto\u015b dotyka. Niezwykle arogancko prezenterka zachowa\u0142a si\u0119 te\u017c wobec Micha\u0142a Wi\u015bniewskiego. Gdy lider Ich Troje sp\u00f3\u017aniony dotar\u0142 do studia, w przeciwie\u0144stwie do Oliviera Janiaka nie wsta\u0142a, by si\u0119 z nim przywita\u0107. Na koniec programu, gdy Wi\u015bniewski poinformowa\u0142 o inicjatywie charytatywnej, organizowanej we wsp\u00f3\u0142pracy z TVP2 dla ofiar tragedii w Katowicach, Magda Mo\u0142ek przekrzykiwa\u0142a wokalist\u0119 s\u0142owami: &#8222;Tutaj jest TVN, tutaj jest TVN&#8221; &#8211; napisa\u0142 Fakt.<\/P><\/p>\n","protected":false},"excerpt":{"rendered":"Magd\u0119 Mo\u0142ek zawieszono w prowadzeniu programu &quot;Dzie\u0144 Dobry TVN&quot; za zbyt aroganckie zachowanie podczas programu z 4 lutego &#8211; poinformowa\u0142 Fakt.","protected":false},"author":1,"featured_media":80494,"comment_status":"open","ping_status":"closed","sticky":false,"template":"","format":"standard","meta":{"csco_display_header_overlay":false,"csco_singular_sidebar":"","csco_page_header_type":"","csco_page_load_nextpost":"","csco_post_video_location":[],"csco_post_video_location_hash":"","csco_post_video_url":"","csco_post_video_bg_start_time":0,"csco_post_video_bg_end_time":0,"footnotes":""},"categories":[9670],"tags":[3123],"class_list":{"0":"post-80493","1":"post","2":"type-post","3":"status-publish","4":"format-standard","5":"has-post-thumbnail","7":"category-tv","8":"tag-magda-molek","9":"cs-entry","10":"cs-video-wrap"},"_links":{"self":[{"href":"https:\/\/mediarun.com\/pl\/wp-json\/wp\/v2\/posts\/80493","targetHints":{"allow":["GET"]}}],"collection":[{"href":"https:\/\/mediarun.com\/pl\/wp-json\/wp\/v2\/posts"}],"about":[{"href":"https:\/\/mediarun.com\/pl\/wp-json\/wp\/v2\/types\/post"}],"author":[{"embeddable":true,"href":"https:\/\/mediarun.com\/pl\/wp-json\/wp\/v2\/users\/1"}],"replies":[{"embeddable":true,"href":"https:\/\/mediarun.com\/pl\/wp-json\/wp\/v2\/comments?post=80493"}],"version-history":[{"count":0,"href":"https:\/\/mediarun.com\/pl\/wp-json\/wp\/v2\/posts\/80493\/revisions"}],"wp:featuredmedia":[{"embeddable":true,"href":"https:\/\/mediarun.com\/pl\/wp-json\/wp\/v2\/media\/80494"}],"wp:attachment":[{"href":"https:\/\/mediarun.com\/pl\/wp-json\/wp\/v2\/media?parent=80493"}],"wp:term":[{"taxonomy":"category","embeddable":true,"href":"https:\/\/mediarun.com\/pl\/wp-json\/wp\/v2\/categories?post=80493"},{"taxonomy":"post_tag","embeddable":true,"href":"https:\/\/mediarun.com\/pl\/wp-json\/wp\/v2\/tags?post=80493"}],"curies":[{"name":"wp","href":"https:\/\/api.w.org\/{rel}","templated":true}]}}