{"id":80491,"date":"2006-02-16T06:00:00","date_gmt":"2006-02-16T05:00:00","guid":{"rendered":"https:\/\/mediarun.com\/index.php\/news-posts\/makieta-nowego-dziennika-poza-redakcja\/"},"modified":"2006-02-16T06:00:00","modified_gmt":"2006-02-16T05:00:00","slug":"makieta-nowego-dziennika-poza-redakcja","status":"publish","type":"post","link":"https:\/\/mediarun.com\/pl\/media\/prasa\/makieta-nowego-dziennika-poza-redakcja.html","title":{"rendered":"Makieta nowego dziennika poza redakcj\u0105"},"content":{"rendered":"<p><P>dodatku &#8222;Kultura&#8221; sprzed oko\u0142o miesi\u0105ca.<\/P><br \/>\n<P>\u0179r\u00f3d\u0142em tych zdj\u0119\u0107 jest prawdopodobnie jeden z dziennikarzy zatrudnionych&nbsp;przy nowym projekcie, kt\u00f3ry potajemnie wyni\u00f3s\u0142 kilka pdf-\u00f3w makiety nowego dziennika. Wed\u0142ug niepotwierdzonych informacji, dotar\u0142y one r\u00f3wnie\u017c do Agory.<\/P><br \/>\n<P>Publikacja Press wywo\u0142a\u0142a poruszenie w redakcji nowego dziennika. Wydawca zagrozi\u0142 wczoraj zwolnieniem dyscyplinarnym i zapowiedzia\u0142 znalezienie winowajcy.<\/P><br \/>\n<P>Dziennik, wzorowany na niemieckim Die Welt Kompakt, ma ukaza\u0107 si\u0119 na pocz\u0105tku kwietnia. Nowy tytu\u0142 przygotowuje obecnie zesp\u00f3\u0142 redakcyjny w Warszawie. Zesp\u00f3\u0142 sk\u0142ada si\u0119 z prawie 200 dziennikarzy. Tytu\u0142 i nak\u0142ad utrzymywane s\u0105 w tajemnicy.<\/P><\/p>\n","protected":false},"excerpt":{"rendered":"Miesi\u0119cznik Press opublikowa\u0142 wczoraj skany kilku stron z makiety przygotowywanego w tajemnicy nowego dziennika wydawnictwa Axel Springer. Chodzi o strony&#8230;","protected":false},"author":1,"featured_media":80492,"comment_status":"open","ping_status":"closed","sticky":false,"template":"","format":"standard","meta":{"csco_display_header_overlay":false,"csco_singular_sidebar":"","csco_page_header_type":"","csco_page_load_nextpost":"","csco_post_video_location":[],"csco_post_video_location_hash":"","csco_post_video_url":"","csco_post_video_bg_start_time":0,"csco_post_video_bg_end_time":0,"footnotes":""},"categories":[9673],"tags":[],"class_list":{"0":"post-80491","1":"post","2":"type-post","3":"status-publish","4":"format-standard","5":"has-post-thumbnail","7":"category-prasa","8":"cs-entry","9":"cs-video-wrap"},"_links":{"self":[{"href":"https:\/\/mediarun.com\/pl\/wp-json\/wp\/v2\/posts\/80491","targetHints":{"allow":["GET"]}}],"collection":[{"href":"https:\/\/mediarun.com\/pl\/wp-json\/wp\/v2\/posts"}],"about":[{"href":"https:\/\/mediarun.com\/pl\/wp-json\/wp\/v2\/types\/post"}],"author":[{"embeddable":true,"href":"https:\/\/mediarun.com\/pl\/wp-json\/wp\/v2\/users\/1"}],"replies":[{"embeddable":true,"href":"https:\/\/mediarun.com\/pl\/wp-json\/wp\/v2\/comments?post=80491"}],"version-history":[{"count":0,"href":"https:\/\/mediarun.com\/pl\/wp-json\/wp\/v2\/posts\/80491\/revisions"}],"wp:featuredmedia":[{"embeddable":true,"href":"https:\/\/mediarun.com\/pl\/wp-json\/wp\/v2\/media\/80492"}],"wp:attachment":[{"href":"https:\/\/mediarun.com\/pl\/wp-json\/wp\/v2\/media?parent=80491"}],"wp:term":[{"taxonomy":"category","embeddable":true,"href":"https:\/\/mediarun.com\/pl\/wp-json\/wp\/v2\/categories?post=80491"},{"taxonomy":"post_tag","embeddable":true,"href":"https:\/\/mediarun.com\/pl\/wp-json\/wp\/v2\/tags?post=80491"}],"curies":[{"name":"wp","href":"https:\/\/api.w.org\/{rel}","templated":true}]}}