{"id":80489,"date":"2006-02-16T06:00:00","date_gmt":"2006-02-16T05:00:00","guid":{"rendered":"https:\/\/mediarun.com\/index.php\/news-posts\/rusza-druga-edycja-grand-press-photo\/"},"modified":"2006-02-16T06:00:00","modified_gmt":"2006-02-16T05:00:00","slug":"rusza-druga-edycja-grand-press-photo","status":"publish","type":"post","link":"https:\/\/mediarun.com\/pl\/wydarzenia\/rusza-druga-edycja-grand-press-photo.html","title":{"rendered":"Rusza druga edycja Grand Press Photo"},"content":{"rendered":"<p><P>W tym roku zwyci\u0119zc\u0119 wska\u017ce&nbsp;&#8211; jako przewodnicz\u0105cy jury &#8211; du\u0144ski fotoreporter Claus Bjorn Larsen, zwyci\u0119zca World Press Photo 2000.<\/P><br \/>\n<P>Od 15 lutego do 10 kwietnia br. mo\u017cna nadsy\u0142a\u0107 zdj\u0119cia do Grand Press Photo 2006. W tym roku jury b\u0119dzie przewodniczy\u0107 Claus Bjorn Larsen, fotoreporter du\u0144skiego dziennika Berlingske Tidende. Za zdj\u0119cie uchod\u017acy z Kosowa zdoby\u0142 on w 2000 roku g\u0142\u00f3wn\u0105 nagrod\u0119 World Press Photo. To on &#8211; zgodnie z regulaminem &#8211; wybierze spo\u015br\u00f3d wszystkich nades\u0142anych na konkurs prac Zdj\u0119cie Roku, kt\u00f3rego autor otrzyma 10 000 z\u0142. Ponadto przewodnicz\u0105cy jury ma decyduj\u0105cy g\u0142os przy wyborze nagr\u00f3d w poszczeg\u00f3lnych kategoriach.<\/P><br \/>\n<P>W tym roku formu\u0142a Grand Press Photo zosta\u0142a poszerzona: opr\u00f3cz zdj\u0119\u0107 pojedynczych oceniane b\u0119d\u0105 tak\u017ce fotoreporta\u017ce. Wszystkie zg\u0142oszone prace musz\u0105 by\u0107 wykonane pomi\u0119dzy 1 kwietnia 2005 roku a 31 marca 2006 roku. Szczeg\u00f3\u0142y o konkursie oraz regulamin i wz\u00f3r formularza zg\u0142oszeniowego na <A href=\"http:\/\/www.press.pl\/photo\">www.press.pl\/photo<\/A>.<\/P><br \/>\n<P>Jury b\u0119dzie ocenia\u0142o fotografie w pi\u0119ciu kategoriach: wydarzenia, ludzie, \u017cycie codzienne, sport, przyroda &#8211; osobno zdj\u0119cia pojedyncze, osobno fotoreporta\u017ce. Opr\u00f3cz Clausa Bjorna Larsena cz\u0142onkami jury s\u0105 zawodowi fotoreporterzy i fotoedytorzy: Andrzej Iwa\u0144czuk (Agencja Fotograficzna Reporter), Pawe\u0142 Kopczy\u0144ski (szef fotograf\u00f3w Reutera w regionie Europy \u015arodkowej), Artur Paw\u0142owski (National Geographic Polska) i Piotr W\u00f3jcik (szef dzia\u0142u foto Gazety Wyborczej). Wszystkie zdj\u0119cia, kt\u00f3re po pierwszym posiedzeniu jury trafi\u0105 do fina\u0142u, zostan\u0105 zaprezentowane na wystawie konkursowej, kt\u00f3rej otwarcie &#8211; 16 maja br. w warszawskiej Kinotece&nbsp;&#8211; b\u0119dzie po\u0142\u0105czone z og\u0142oszeniem.<\/P><\/p>\n","protected":false},"excerpt":{"rendered":"Miesi\u0119cznik Press rozpoczyna drug\u0105 edycj\u0119 Og\u00f3lnopolskiego Konkursu Fotografii Prasowej Grand Press Photo 2006.","protected":false},"author":1,"featured_media":80490,"comment_status":"open","ping_status":"closed","sticky":false,"template":"","format":"standard","meta":{"csco_display_header_overlay":false,"csco_singular_sidebar":"","csco_page_header_type":"","csco_page_load_nextpost":"","csco_post_video_location":[],"csco_post_video_location_hash":"","csco_post_video_url":"","csco_post_video_bg_start_time":0,"csco_post_video_bg_end_time":0,"footnotes":""},"categories":[46],"tags":[],"class_list":{"0":"post-80489","1":"post","2":"type-post","3":"status-publish","4":"format-standard","5":"has-post-thumbnail","7":"category-wydarzenia","8":"cs-entry","9":"cs-video-wrap"},"_links":{"self":[{"href":"https:\/\/mediarun.com\/pl\/wp-json\/wp\/v2\/posts\/80489","targetHints":{"allow":["GET"]}}],"collection":[{"href":"https:\/\/mediarun.com\/pl\/wp-json\/wp\/v2\/posts"}],"about":[{"href":"https:\/\/mediarun.com\/pl\/wp-json\/wp\/v2\/types\/post"}],"author":[{"embeddable":true,"href":"https:\/\/mediarun.com\/pl\/wp-json\/wp\/v2\/users\/1"}],"replies":[{"embeddable":true,"href":"https:\/\/mediarun.com\/pl\/wp-json\/wp\/v2\/comments?post=80489"}],"version-history":[{"count":0,"href":"https:\/\/mediarun.com\/pl\/wp-json\/wp\/v2\/posts\/80489\/revisions"}],"wp:featuredmedia":[{"embeddable":true,"href":"https:\/\/mediarun.com\/pl\/wp-json\/wp\/v2\/media\/80490"}],"wp:attachment":[{"href":"https:\/\/mediarun.com\/pl\/wp-json\/wp\/v2\/media?parent=80489"}],"wp:term":[{"taxonomy":"category","embeddable":true,"href":"https:\/\/mediarun.com\/pl\/wp-json\/wp\/v2\/categories?post=80489"},{"taxonomy":"post_tag","embeddable":true,"href":"https:\/\/mediarun.com\/pl\/wp-json\/wp\/v2\/tags?post=80489"}],"curies":[{"name":"wp","href":"https:\/\/api.w.org\/{rel}","templated":true}]}}