{"id":80480,"date":"2006-02-16T13:42:13","date_gmt":"2006-02-16T12:42:13","guid":{"rendered":"https:\/\/mediarun.com\/index.php\/news-posts\/o-jezyku-w-polskim-radiu\/"},"modified":"2006-02-16T13:42:13","modified_gmt":"2006-02-16T12:42:13","slug":"o-jezyku-w-polskim-radiu","status":"publish","type":"post","link":"https:\/\/mediarun.com\/pl\/media\/radio\/o-jezyku-w-polskim-radiu.html","title":{"rendered":"O j\u0119zyku w Polskim Radiu"},"content":{"rendered":"<p>Radiowa Jedynka zaprezentuje w &#8222;Czterech Porach Roku&#8221; rozmow\u0119 z prof. Andrzejem Markowskim o Dniu J\u0119zyka Ojczystego oraz o dyktandzie dla parlamentarzyst\u00f3w. Relacja z dyktanda na antenie stacji pojawi si\u0119 w &#8222;Wieczorze z Jedynk\u0105&#8221;. Stacja rozpoczyna r\u00f3wnie\u017c konkurs, w kt\u00f3rym zadawa\u0107 b\u0119dzie s\u0142uchaczom pytanie dotycz\u0105ce j\u0119zyka.<\/p>\n<p>W &#8222;Poranku Dw\u00f3jki&#8221; na antenie Dw\u00f3jki zostan\u0105 wyemitowane kr\u00f3tkie audycje, w kt\u00f3rych b\u0119dzie mowa o nowych s\u0142owa pojawiaj\u0105cych si\u0119 w polszczy\u017anie. W &#8222;Rezonansie&#8221; rozg\u0142o\u015bnia przedstawi relacj\u0119 ze spotkania w Senacie. O polszczy\u017anie b\u0119dzie r\u00f3wnie\u017c w &#8222;Sezonie na Dw\u00f3jk\u0119&#8221;.<\/p>\n<p>Radiowa Tr\u00f3jka przygotowa\u0142a cykl audycji dr Katarzyny K\u0142osi\u0144skiej o j\u0119zyku polskim &#8222;Co w mowie piszczy&#8221;. B\u0119dzie on nadawany od poniedzia\u0142ku do pi\u0105tku w pa\u015bmie &#8222;Orzech i Reszta&#8221; o godzinie 14.17 oraz cykl przygotowywany przez Agat\u0119 Tora\u0144sk\u0105 &#8222;Spika\u0107 po polsku&#8221;.<\/p>\n<p>Na antenie Radia Bis w audycji &#8222;Markera&#8221; go\u015bciem b\u0119dzie j\u0119zykoznawca dr. Rados\u0142aw Pawelec. Zwi\u0105zki frazeologiczne na temat poszczeg\u00f3lnych cz\u0119\u015bci cia\u0142a zostan\u0105 om\u00f3wione w programie &#8222;Zygzak z Kredk\u0105&#8221;. W &#8222;Bis Up&#8221; dziennikarze rozmawia\u0107 b\u0119d\u0105 z obcokrajowcami na temat podej\u015bcia do j\u0119zyka ojczystego i poprawno\u015bci j\u0119zykowej w innych krajach i na temat zapo\u017cycze\u0144 z j\u0119zyka angielskiego, cz\u0119sto u\u017cywanych przez m\u0142odych Polak\u00f3w. I j\u0119zyku porozmawiaj\u0105 tak\u017ce przedstawiciel Rady J\u0119zyka Polskiego, studenci polonistyki i liceali\u015bciu w &#8222;Bisowisku&#8221;. Z kolei w pa\u015bmie &#8222;Dobry wiecz\u00f3r&#8221; Biska go\u015bci\u0107 b\u0119dzie pisarzy i poet\u00f3w m\u0142odego pokolenia, kt\u00f3rzy zajmuj\u0105 si\u0119 kwestiami wsp\u00f3\u0142czesnego j\u0119zyka polskiego, m.in. Paw\u0142a Dunina -W\u0105sowicza, Jasia Kapel\u0119, Mirka Wahacza, Bartka Chaci\u0144skiego.<\/p>\n","protected":false},"excerpt":{"rendered":"W najbli\u017cszy wtorek wszystkie anteny Polskiego Radia wezm\u0105 udzia\u0142 w inauguracji og\u00f3lnopolskiego Roku J\u0119zyka Polskiego. Tego dnia, na ca\u0142ym \u015bwiecie, obchodzony jest Dzie\u0144 J\u0119zyka Ojczystego. Inicjatork\u0105 obchod\u00f3w roku jest senator Krystyna Bochenek, przewodnicz\u0105ca Senackiej Komisji Kultury \u015arodk\u00f3w Przekazu.","protected":false},"author":1,"featured_media":80481,"comment_status":"open","ping_status":"closed","sticky":false,"template":"","format":"standard","meta":{"csco_display_header_overlay":false,"csco_singular_sidebar":"","csco_page_header_type":"","csco_page_load_nextpost":"","csco_post_video_location":[],"csco_post_video_location_hash":"","csco_post_video_url":"","csco_post_video_bg_start_time":0,"csco_post_video_bg_end_time":0,"footnotes":""},"categories":[9672],"tags":[],"class_list":{"0":"post-80480","1":"post","2":"type-post","3":"status-publish","4":"format-standard","5":"has-post-thumbnail","7":"category-radio","8":"cs-entry","9":"cs-video-wrap"},"_links":{"self":[{"href":"https:\/\/mediarun.com\/pl\/wp-json\/wp\/v2\/posts\/80480","targetHints":{"allow":["GET"]}}],"collection":[{"href":"https:\/\/mediarun.com\/pl\/wp-json\/wp\/v2\/posts"}],"about":[{"href":"https:\/\/mediarun.com\/pl\/wp-json\/wp\/v2\/types\/post"}],"author":[{"embeddable":true,"href":"https:\/\/mediarun.com\/pl\/wp-json\/wp\/v2\/users\/1"}],"replies":[{"embeddable":true,"href":"https:\/\/mediarun.com\/pl\/wp-json\/wp\/v2\/comments?post=80480"}],"version-history":[{"count":0,"href":"https:\/\/mediarun.com\/pl\/wp-json\/wp\/v2\/posts\/80480\/revisions"}],"wp:featuredmedia":[{"embeddable":true,"href":"https:\/\/mediarun.com\/pl\/wp-json\/wp\/v2\/media\/80481"}],"wp:attachment":[{"href":"https:\/\/mediarun.com\/pl\/wp-json\/wp\/v2\/media?parent=80480"}],"wp:term":[{"taxonomy":"category","embeddable":true,"href":"https:\/\/mediarun.com\/pl\/wp-json\/wp\/v2\/categories?post=80480"},{"taxonomy":"post_tag","embeddable":true,"href":"https:\/\/mediarun.com\/pl\/wp-json\/wp\/v2\/tags?post=80480"}],"curies":[{"name":"wp","href":"https:\/\/api.w.org\/{rel}","templated":true}]}}