{"id":80478,"date":"2006-02-16T14:07:36","date_gmt":"2006-02-16T13:07:36","guid":{"rendered":"https:\/\/mediarun.com\/index.php\/news-posts\/nowy-cykl-w-rmf-fm\/"},"modified":"2006-02-16T14:07:36","modified_gmt":"2006-02-16T13:07:36","slug":"nowy-cykl-w-rmf-fm","status":"publish","type":"post","link":"https:\/\/mediarun.com\/pl\/media\/radio\/nowy-cykl-w-rmf-fm.html","title":{"rendered":"Nowy cykl w RMF FM"},"content":{"rendered":"<p>&#8211; Bohaterami &#8222;Mi\u0119dzy Bugiem a prawd\u0105&#8221; b\u0119dzie sympatyczna rodzina kresowiak\u00f3w (Beata Rybarska i \u0141ukasz Rybarski), komentuj\u0105ca bie\u017c\u0105ce wydarzenia polityczne i spo\u0142eczne &#8211; wyja\u015bnia nam Anna Jupowicz &#8211; Ginalska, specjalista ds. public relations RMF FM.<\/p>\n<p>Pierwszy odcinek zaprezentowano w ten czwartek.<\/p>\n","protected":false},"excerpt":{"rendered":"Na antenie RMF FM pojawi\u0142 si\u0119 nowy cykliczny program satyryczny &#8211; &#8222;Mi\u0119dzy Bugiem, a prawd\u0105&#8221;. Jest on przygotowywany przez rozg\u0142o\u015bnie wsp\u00f3lnie z Kabaretem pod Wydrigroszem. Program, na kt\u00f3ry zaprasza Tomasz Olbratowski, nadawany jest we wtorki i czwartki po godzinie 13.","protected":false},"author":1,"featured_media":80479,"comment_status":"open","ping_status":"closed","sticky":false,"template":"","format":"standard","meta":{"csco_display_header_overlay":false,"csco_singular_sidebar":"","csco_page_header_type":"","csco_page_load_nextpost":"","csco_post_video_location":[],"csco_post_video_location_hash":"","csco_post_video_url":"","csco_post_video_bg_start_time":0,"csco_post_video_bg_end_time":0,"footnotes":""},"categories":[9672],"tags":[],"class_list":{"0":"post-80478","1":"post","2":"type-post","3":"status-publish","4":"format-standard","5":"has-post-thumbnail","7":"category-radio","8":"cs-entry","9":"cs-video-wrap"},"_links":{"self":[{"href":"https:\/\/mediarun.com\/pl\/wp-json\/wp\/v2\/posts\/80478","targetHints":{"allow":["GET"]}}],"collection":[{"href":"https:\/\/mediarun.com\/pl\/wp-json\/wp\/v2\/posts"}],"about":[{"href":"https:\/\/mediarun.com\/pl\/wp-json\/wp\/v2\/types\/post"}],"author":[{"embeddable":true,"href":"https:\/\/mediarun.com\/pl\/wp-json\/wp\/v2\/users\/1"}],"replies":[{"embeddable":true,"href":"https:\/\/mediarun.com\/pl\/wp-json\/wp\/v2\/comments?post=80478"}],"version-history":[{"count":0,"href":"https:\/\/mediarun.com\/pl\/wp-json\/wp\/v2\/posts\/80478\/revisions"}],"wp:featuredmedia":[{"embeddable":true,"href":"https:\/\/mediarun.com\/pl\/wp-json\/wp\/v2\/media\/80479"}],"wp:attachment":[{"href":"https:\/\/mediarun.com\/pl\/wp-json\/wp\/v2\/media?parent=80478"}],"wp:term":[{"taxonomy":"category","embeddable":true,"href":"https:\/\/mediarun.com\/pl\/wp-json\/wp\/v2\/categories?post=80478"},{"taxonomy":"post_tag","embeddable":true,"href":"https:\/\/mediarun.com\/pl\/wp-json\/wp\/v2\/tags?post=80478"}],"curies":[{"name":"wp","href":"https:\/\/api.w.org\/{rel}","templated":true}]}}