{"id":80462,"date":"2006-02-16T23:34:57","date_gmt":"2006-02-16T22:34:57","guid":{"rendered":"https:\/\/mediarun.com\/index.php\/news-posts\/wirus-hpv-w-internecie\/"},"modified":"2006-02-16T23:34:57","modified_gmt":"2006-02-16T22:34:57","slug":"wirus-hpv-w-internecie","status":"publish","type":"post","link":"https:\/\/mediarun.com\/pl\/digital\/internet\/wirus-hpv-w-internecie.html","title":{"rendered":"Wirus HPV w Internecie"},"content":{"rendered":"<p>Strona internetowa sk\u0142ada si\u0119 z dw\u00f3ch g\u0142\u00f3wnych cz\u0119\u015bci &#8211; zamkni\u0119tej dla lekarzy i og\u00f3lnodost\u0119pnej dla pacjentek. Strona jest integraln\u0105 cz\u0119\u015bci\u0105 kampanii &#8222;Chroni\u0119 \u017cycie przed rakiem szyjki macicy&#8221;, a opiek\u0119 merytoryczn\u0105 zar\u00f3wno nad kampani\u0105 jak i nad stron\u0105 internetow\u0105 sprawuje Komitet Za\u0142o\u017cycielski Polskiego Towarzystwa Profilaktyki Zaka\u017ce\u0144 HPV. W cz\u0119\u015bci og\u00f3lnodost\u0119pnej znale\u017a\u0107 mo\u017cna kompendium wiedzy o raku szyjki macicy, wirusie HPV, kt\u00f3ry jest jego przyczyn\u0105 i o zasadach profilaktyki. Poza tradycyjnymi wiadomo\u015bciami w formie tekstowej na stronie znale\u017a\u0107 mo\u017cna videocasty, na kt\u00f3rych zosta\u0142y zarejestrowane wywiady z ekspertami. Strona daje mo\u017cliwo\u015b\u0107 konsultacji z lekarzami &#8211; temu s\u0142u\u017cy opcja &#8222;Zadaj pytanie ekspertowi&#8221;, a niebawem b\u0119dzie mo\u017cna uzyska\u0107 konsultacje on &#8211; line, bior\u0105c udzia\u0142 w chatach z lekarzami specjalistami. A w najbli\u017cszej przysz\u0142o\u015bci, na \u017cyczenie samych internaut\u00f3w na stronie zostanie uruchomione Forum umo\u017cliwiaj\u0105ce osobom wymian\u0119 pogl\u0105d\u00f3w i wzajemne wsparcie cierpi\u0105cym z powodu zaka\u017cenia wirusem HPV.  <\/p>\n<p> &#8222;Chroni\u0119 \u017cycie przed rakiem szyjki macicy&#8221;, to kampania, kt\u00f3rej celem jest u\u015bwiadomienie kobietom, \u017ce rak szyjki macicy, b\u0119d\u0105c drugim co do cz\u0119sto\u015bci wyst\u0119powania nowotworem z\u0142o\u015bliwym u kobiet, stanowi powa\u017cne zagro\u017cenie dla ich zdrowia i \u017cycia. W celu jak najszerszego dotarcia do \u015bwiadomo\u015bci opinii publicznej w kampani\u0119 zaanga\u017cowa\u0142y si\u0119 tak\u017ce dwie Ambasadorki: Alicja Bachleda Curu\u015b i Anna Korcz, kt\u00f3re zgodzi\u0142y si\u0119 swoim wizerunkiem wesprze\u0107 idee kampanii. Symbolem kampanii &#8222;Chroni\u0119 \u017cycie przed rakiem szyjki macicy&#8221; jest fioletowa wst\u0105\u017ceczka. <\/p>\n","protected":false},"excerpt":{"rendered":"Headlines Brand &#038; Corporate Communication, we wsp\u00f3\u0142pracy z Activeweb Medical Solutions, przygotowa\u0142a stron\u0119 internetow\u0105 po\u015bwi\u0119con\u0105 kampanii &#8222;Chroni\u0119 \u017cycie przed rakiem szyjki macicy&#8221;. Strona, dost\u0119pna pod adresem www.hpv.pl, zosta\u0142a stworzona zar\u00f3wno z my\u015bl\u0105 o kobietach, jak i o \u015brodowisku medycznym, dla kt\u00f3rego przeznaczona jest specjalistyczna, kodowana cz\u0119\u015b\u0107 strony.","protected":false},"author":1,"featured_media":0,"comment_status":"open","ping_status":"closed","sticky":false,"template":"","format":"standard","meta":{"csco_display_header_overlay":false,"csco_singular_sidebar":"","csco_page_header_type":"","csco_page_load_nextpost":"","csco_post_video_location":[],"csco_post_video_location_hash":"","csco_post_video_url":"","csco_post_video_bg_start_time":0,"csco_post_video_bg_end_time":0,"footnotes":""},"categories":[9676],"tags":[],"class_list":{"0":"post-80462","1":"post","2":"type-post","3":"status-publish","4":"format-standard","6":"category-internet","7":"cs-entry","8":"cs-video-wrap"},"_links":{"self":[{"href":"https:\/\/mediarun.com\/pl\/wp-json\/wp\/v2\/posts\/80462","targetHints":{"allow":["GET"]}}],"collection":[{"href":"https:\/\/mediarun.com\/pl\/wp-json\/wp\/v2\/posts"}],"about":[{"href":"https:\/\/mediarun.com\/pl\/wp-json\/wp\/v2\/types\/post"}],"author":[{"embeddable":true,"href":"https:\/\/mediarun.com\/pl\/wp-json\/wp\/v2\/users\/1"}],"replies":[{"embeddable":true,"href":"https:\/\/mediarun.com\/pl\/wp-json\/wp\/v2\/comments?post=80462"}],"version-history":[{"count":0,"href":"https:\/\/mediarun.com\/pl\/wp-json\/wp\/v2\/posts\/80462\/revisions"}],"wp:attachment":[{"href":"https:\/\/mediarun.com\/pl\/wp-json\/wp\/v2\/media?parent=80462"}],"wp:term":[{"taxonomy":"category","embeddable":true,"href":"https:\/\/mediarun.com\/pl\/wp-json\/wp\/v2\/categories?post=80462"},{"taxonomy":"post_tag","embeddable":true,"href":"https:\/\/mediarun.com\/pl\/wp-json\/wp\/v2\/tags?post=80462"}],"curies":[{"name":"wp","href":"https:\/\/api.w.org\/{rel}","templated":true}]}}