{"id":80446,"date":"2006-02-17T00:38:38","date_gmt":"2006-02-16T23:38:38","guid":{"rendered":"https:\/\/mediarun.com\/index.php\/news-posts\/pierwsza-agencja-pr-w-radomiu\/"},"modified":"2006-02-17T00:38:38","modified_gmt":"2006-02-16T23:38:38","slug":"pierwsza-agencja-pr-w-radomiu","status":"publish","type":"post","link":"https:\/\/mediarun.com\/pl\/trendy\/branding\/pierwsza-agencja-pr-w-radomiu.html","title":{"rendered":"Pierwsza agencja PR w Radomiu"},"content":{"rendered":"<p>Za\u0142o\u017cycielem jest Marcin D\u0105browski &#8211; do tej pory dziennikarz i reporter radiowych stacji og\u00f3lnopolskich<br \/>\ni lokalnych. Agencja b\u0119dzie nosi\u0142a nazw\u0119 &#8222;a1m&#8221;.<br \/>\nAgencja chce w tej chwili skupi\u0107 si\u0119 na obs\u0142udze firm, instytucji i organizacji z regionu radomskiego.<br \/>\nJak m\u00f3wi szef agencji &#8222;a1m&#8221; &#8211; &#8222;rekomendujemy dzia\u0142ania spoza kr\u0119gu klasycznych narz\u0119dzi public<br \/>\nrelations, je\u015bli tylko osi\u0105gni\u0119cie celu tego wymaga. Nasze podej\u015bcie do system\u00f3w komunikacji spo\u0142ecznej<br \/>\nzawsze zmierza do osi\u0105gni\u0119cia celu zamierzonego przez naszych partner\u00f3w&#8221;.<\/p>\n<p>Mimo, \u017ce &#8222;a1m&#8221; jest pierwsz\u0105, radomsk\u0105 agencj\u0105 to ma ju\u017c na swoim koncie sukcesy. Zesp\u00f3\u0142 agencji &#8211;<br \/>\njeszcze jako pracownicy i wsp\u00f3\u0142pracownicy innych firm, tworzyli i organizowali nawet najbardziej<br \/>\nnietypowe zlecenia dla wielu instytucji i organizacji, mi\u0119dzy innymi Radia Rekord FM S.A., Zarz\u0105du<br \/>\nPowiatowego Platformy Obywatelskiej w Radomiu, Caritas Diecezji Radomskiej czy dealer\u00f3w<br \/>\nkoncern\u00f3w motoryzacyjnych. Dzia\u0142ania z zakresu public relations realizowali r\u00f3wnie\u017c dla Hospicjum<br \/>\nimienia ojca Pio w Radomiu oraz na rzecz XIV Fina\u0142u Wielkiej Orkiestry \u015awi\u0105tecznej Pomocy.<\/p>\n","protected":false},"excerpt":{"rendered":"Do grona agencji public relations w Polsce do\u0142\u0105czy nowa. B\u0119dzie to pierwsza agencja public relations w Radomiu. Oficjalnie rozpocznie dzia\u0142alno\u015b\u0107 1 marca 2006 r. W tej chwili agencja ko\u0144czy wszelkie formalno\u015bci zwi\u0105zane z jej powstaniem.","protected":false},"author":1,"featured_media":0,"comment_status":"open","ping_status":"closed","sticky":false,"template":"","format":"standard","meta":{"csco_display_header_overlay":false,"csco_singular_sidebar":"","csco_page_header_type":"","csco_page_load_nextpost":"","csco_post_video_location":[],"csco_post_video_location_hash":"","csco_post_video_url":"","csco_post_video_bg_start_time":0,"csco_post_video_bg_end_time":0,"footnotes":""},"categories":[9658],"tags":[],"class_list":{"0":"post-80446","1":"post","2":"type-post","3":"status-publish","4":"format-standard","6":"category-branding","7":"cs-entry","8":"cs-video-wrap"},"_links":{"self":[{"href":"https:\/\/mediarun.com\/pl\/wp-json\/wp\/v2\/posts\/80446","targetHints":{"allow":["GET"]}}],"collection":[{"href":"https:\/\/mediarun.com\/pl\/wp-json\/wp\/v2\/posts"}],"about":[{"href":"https:\/\/mediarun.com\/pl\/wp-json\/wp\/v2\/types\/post"}],"author":[{"embeddable":true,"href":"https:\/\/mediarun.com\/pl\/wp-json\/wp\/v2\/users\/1"}],"replies":[{"embeddable":true,"href":"https:\/\/mediarun.com\/pl\/wp-json\/wp\/v2\/comments?post=80446"}],"version-history":[{"count":0,"href":"https:\/\/mediarun.com\/pl\/wp-json\/wp\/v2\/posts\/80446\/revisions"}],"wp:attachment":[{"href":"https:\/\/mediarun.com\/pl\/wp-json\/wp\/v2\/media?parent=80446"}],"wp:term":[{"taxonomy":"category","embeddable":true,"href":"https:\/\/mediarun.com\/pl\/wp-json\/wp\/v2\/categories?post=80446"},{"taxonomy":"post_tag","embeddable":true,"href":"https:\/\/mediarun.com\/pl\/wp-json\/wp\/v2\/tags?post=80446"}],"curies":[{"name":"wp","href":"https:\/\/api.w.org\/{rel}","templated":true}]}}