{"id":80436,"date":"2006-02-17T00:57:25","date_gmt":"2006-02-16T23:57:25","guid":{"rendered":"https:\/\/mediarun.com\/index.php\/news-posts\/awantura-w-wiadomosciach\/"},"modified":"2006-02-17T00:57:25","modified_gmt":"2006-02-16T23:57:25","slug":"awantura-w-wiadomosciach","status":"publish","type":"post","link":"https:\/\/mediarun.com\/pl\/media\/tv\/awantura-w-wiadomosciach.html","title":{"rendered":"Awantura w Wiadomo\u015bciach"},"content":{"rendered":"<p>Konflikt rozpocz\u0105\u0142 si\u0119 od pytania, jakie zada\u0142 Miko\u0142aj Kunica nowemu ministrowi skarbu &#8211; Wojciechowi Jasi\u0144skiemu. Kunica zapyta\u0142 go, czy chodzi\u0142 na piwo z Jaros\u0142awem Kaczy\u0144skim, kt\u00f3rego zna od lat. &#8211; Tak bywa\u0142o &#8211; odpowiedzia\u0142 nowy szef resortu. &#8211; Kole\u017canki? &#8211; kontynuowa\u0142 dziennikarz &#8211; To akurat z Jaros\u0142awem Kaczy\u0144skim nie &#8211; doda\u0142 minister<\/p>\n<p>Zapisu tej kr\u00f3tkiej rozmowy mogli wys\u0142ucha\u0107 widzowie &#8222;Wydarze\u0144, a tak\u017ce s\u0142uchacze RMF FM i Radia Zet. Mo\u017cliwo\u015bci takiej nie mieli za to odbiorcy TVP. Kozak od samego pocz\u0105tku obstawa\u0142 za dziennikarzem. &#8211; Paczuska (przyp. red. wydawca &#8222;Wiadomo\u015bci) nie chcia\u0142a si\u0119 zgodzi\u0107 z Kozakiem, wi\u0119c ten zwolni\u0142 j\u0105 z dy\u017curu. Po chwili jednak zosta\u0142 wezwany do centrali TVP. Tam dyrektor TVP1 Maciej Grzywaczewski poinformowa\u0142 go, \u017ce bierze na siebie decyzj\u0119 i materia\u0142 zostanie pokazany wed\u0142ug wizji Paczuskiej. &#8211; informuje &#8222;Rzeczpospolita&#8221;<\/p>\n<p>&#8211; Reporter zada\u0142 nie za m\u0105dre pytanie, bo by\u0142a w nim dwuznaczno\u015b\u0107. A my, telewizja publiczna, nie puszczamy materia\u0142\u00f3w, kt\u00f3re s\u0105 insynuacyjne. I dlatego by\u0142o to poni\u017cej naszych standard\u00f3w.- t\u0142umaczy\u0142 &#8222;Gazecie Wyborczej&#8221; Maciej Grzywaczewski<\/p>\n<p>&#8211; Insynuacja jest ostatni\u0105 rzecz\u0105, do kt\u00f3rej uprawniony jest reporter. Ale sprawy intymne s\u0105 poza sfer\u0105 moich zainteresowa\u0144. Chcia\u0142em tylko pokaza\u0107 stopie\u0144 d\u0142ugoletniej za\u017cy\u0142o\u015bci ministra i prezesa PiS, co zrobi\u0142a wi\u0119kszo\u015b\u0107 komercyjnych medi\u00f3w. &#8211; stwierdzi\u0142 Kunica w wypowiedzi dla &#8222;GW&#8221;<\/p>\n<p>Kontrakt Roberta Kozaka mu niezale\u017cno\u015b\u0107 w przygotowywaniu &#8222;Wiadomo\u015bci&#8221;. W pi\u0105tek decyzj\u0119 o tym, kto mia\u0142 prawo zdecydowa\u0107 o zablokowaniu materia\u0142u podejmie prezes TVP Jan Dworak. <\/p>\n<p>Miko\u0142aj Kunica uda\u0142 si\u0119 w prote\u015bcie na urlop. <\/p>\n","protected":false},"excerpt":{"rendered":"Kolejne problemy Miko\u0142aja Kunicy w &#8222;Wiadomo\u015bciach&#8221; TVP. Szef TVP1 Maciej Grzywaczewski nie dopu\u015bci\u0142 do emisji jego materia\u0142u o nowym ministrze skarbu. W obronie dziennikarza stan\u0105\u0142 szef &#8222;Wiadomo\u015bci&#8221; Robert Kozak.","protected":false},"author":1,"featured_media":80437,"comment_status":"open","ping_status":"closed","sticky":false,"template":"","format":"standard","meta":{"csco_display_header_overlay":false,"csco_singular_sidebar":"","csco_page_header_type":"","csco_page_load_nextpost":"","csco_post_video_location":[],"csco_post_video_location_hash":"","csco_post_video_url":"","csco_post_video_bg_start_time":0,"csco_post_video_bg_end_time":0,"footnotes":""},"categories":[9670],"tags":[],"class_list":{"0":"post-80436","1":"post","2":"type-post","3":"status-publish","4":"format-standard","5":"has-post-thumbnail","7":"category-tv","8":"cs-entry","9":"cs-video-wrap"},"_links":{"self":[{"href":"https:\/\/mediarun.com\/pl\/wp-json\/wp\/v2\/posts\/80436","targetHints":{"allow":["GET"]}}],"collection":[{"href":"https:\/\/mediarun.com\/pl\/wp-json\/wp\/v2\/posts"}],"about":[{"href":"https:\/\/mediarun.com\/pl\/wp-json\/wp\/v2\/types\/post"}],"author":[{"embeddable":true,"href":"https:\/\/mediarun.com\/pl\/wp-json\/wp\/v2\/users\/1"}],"replies":[{"embeddable":true,"href":"https:\/\/mediarun.com\/pl\/wp-json\/wp\/v2\/comments?post=80436"}],"version-history":[{"count":0,"href":"https:\/\/mediarun.com\/pl\/wp-json\/wp\/v2\/posts\/80436\/revisions"}],"wp:featuredmedia":[{"embeddable":true,"href":"https:\/\/mediarun.com\/pl\/wp-json\/wp\/v2\/media\/80437"}],"wp:attachment":[{"href":"https:\/\/mediarun.com\/pl\/wp-json\/wp\/v2\/media?parent=80436"}],"wp:term":[{"taxonomy":"category","embeddable":true,"href":"https:\/\/mediarun.com\/pl\/wp-json\/wp\/v2\/categories?post=80436"},{"taxonomy":"post_tag","embeddable":true,"href":"https:\/\/mediarun.com\/pl\/wp-json\/wp\/v2\/tags?post=80436"}],"curies":[{"name":"wp","href":"https:\/\/api.w.org\/{rel}","templated":true}]}}