{"id":80432,"date":"2006-02-17T01:09:00","date_gmt":"2006-02-17T00:09:00","guid":{"rendered":"https:\/\/mediarun.com\/index.php\/news-posts\/rzad-chce-odzyskac-rz\/"},"modified":"2006-02-17T01:09:00","modified_gmt":"2006-02-17T00:09:00","slug":"rzad-chce-odzyskac-rz","status":"publish","type":"post","link":"https:\/\/mediarun.com\/pl\/media\/prasa\/rzad-chce-odzyskac-rz.html","title":{"rendered":"Rz\u0105d chce odzyska\u0107 &#8222;Rz&#8221;?"},"content":{"rendered":"<p>&#8211; W sprawie &#8222;Rzeczpospolitej&#8221; potrzebne jest dogadanie si\u0119 z udzia\u0142owcem norweskim, aby sprzeda\u0142 akcje skarbu pa\u0144stwa &#8211; o\u015bwiadczy\u0142 Roman Giertych. Pytany wczoraj przez &#8222;Rz&#8221; wiceminister skarbu Pawe\u0142 Szalamacha nie chcia\u0142 komentowa\u0107 s\u0142\u00f3w lidera LPR. &#8211; Nie mamy zamiaru kupowa\u0107 udzia\u0142\u00f3w w mediach ani tworzy\u0107 medi\u00f3w za pa\u0144stwowe pieni\u0105dze &#8211; zapewni\u0142 jednak. <\/p>\n<p>&#8211; W tej chwili 51 proc. udzia\u0142\u00f3w w Presspublice (wydawcy &#8222;Rzeczpospolitej&#8221;) ma norweski koncern Orkla. Jak uda\u0142o nam si\u0119 dowiedzie\u0107, w \u015brod\u0119 z przedstawicielami Orkli spotka\u0142 si\u0119 premier Kazimierz Marcinkiewicz. &#8211; czytamy w &#8222;Gazecie Wyborczej&#8221;<\/p>\n<p> &#8211; Na pro\u015bb\u0119 Norweg\u00f3w &#8211; podkre\u015bla rzecznik rz\u0105du Konrad Ciesio\u0142kiewicz. Wed\u0142ug Adama Paw\u0142owicza, doradcy Orkli, koncern po raz kolejny potwierdzi\u0142, \u017ce jest zainteresowany odkupieniem od skarbu pa\u0144stwa reszty udzia\u0142\u00f3w w Presspublice.<\/p>\n<p>&#8211; Pierwsze sygna\u0142y, \u017ce rz\u0105d chce mie\u0107 wp\u0142yw na &#8222;Rzeczpospolit\u0105&#8221;, pojawi\u0142y si\u0119 przy okazji karykatur Mahometa, kt\u00f3re opublikowa\u0142a gazeta. Andrzej Liberadzki, nowy szef rady nadzorczej sp\u00f3\u0142ki Presspublica z ramienia skarbu pa\u0144stwa, wys\u0142a\u0142 list otwarty do Gaudena. Ostro skrytykowa\u0142 w nim decyzj\u0119 o publikacji rysunk\u00f3w. Nast\u0119pnie w rozmowie z &#8222;Gazet\u0105&#8221; Liberadzki poinformowa\u0142, \u017ce strona rz\u0105dowa b\u0119dzie d\u0105\u017cy\u0142a do odwo\u0142ania Gaudena ze stanowiska naczelnego. &#8211; informuje  &#8222;GW&#8221;<\/p>\n<p>&#8211; Obecna sytuacja w\u0142asno\u015bciowa gazety uniemo\u017cliwia rz\u0105dowi wywieranie bezpo\u015bredniej presji na redakcj\u0119. 51 proc. udzia\u0142\u00f3w w Presspublice ma Orkla, a 49 proc. nale\u017cy do skarbu pa\u0144stwa (Przedsi\u0119biorstwo Wydawnicze &#8222;Rzeczpospolita&#8221;). Norwegowie od lat staraj\u0105 si\u0119 o dokupienie udzia\u0142\u00f3w od pa\u0144stwa, ale kolejne rz\u0105dy nie wyra\u017caj\u0105 na to zgody. Politycy za to sami pr\u00f3buj\u0105 przej\u0105\u0107 kontrol\u0119 nad gazet\u0105, ale na to z kolei nie godzi si\u0119 Orkla, kt\u00f3rej przedstawiciele dominuj\u0105 we w\u0142adzach Presspubliki. &#8211; t\u0142umaczy dziennik<\/p>\n<p>&#8211; Czy PiS ma szanse to zmieni\u0107? Mo\u017ce pr\u00f3bowa\u0107 dogada\u0107 si\u0119 z Norwegami i kupi\u0107 ich udzia\u0142y. Ale nie wiadomo, jak mia\u0142by ich do tego przekona\u0107. Poza tym &#8222;Rzeczpospolita&#8221; nie jest tania, jej zakup mo\u017ce oznacza\u0107 dla rz\u0105du wydatek ponad 50 mln dol. Rz\u0105d nie mo\u017ce te\u017c znale\u017a\u0107 innego inwestora i sprzeda\u0107 mu swoich 49 proc. udzia\u0142\u00f3w w Presspublice &#8211; Norwegowie maj\u0105 prawo pierwokupu. &#8211; pisze &#8222;Gazeta Wyborcza&#8221;<\/p>\n","protected":false},"excerpt":{"rendered":"PiS i LPR chc\u0105, aby skarb pa\u0144stwa odkupi\u0142 od niemieckiego koncernu Orkla Press akcje &#8222;Rzeczpospolitej&#8221;. Zamiaru tego nie ukrywa Roman Giertych, kt\u00f3ry d\u0105\u017cy do repolonizacji medi\u00f3w. Ob\u00f3z rz\u0105dz\u0105cy chce, aby polski kapita\u0142 by\u0142 jak najwi\u0119kszy w mediach.","protected":false},"author":1,"featured_media":80433,"comment_status":"open","ping_status":"closed","sticky":false,"template":"","format":"standard","meta":{"csco_display_header_overlay":false,"csco_singular_sidebar":"","csco_page_header_type":"","csco_page_load_nextpost":"","csco_post_video_location":[],"csco_post_video_location_hash":"","csco_post_video_url":"","csco_post_video_bg_start_time":0,"csco_post_video_bg_end_time":0,"footnotes":""},"categories":[9673],"tags":[],"class_list":{"0":"post-80432","1":"post","2":"type-post","3":"status-publish","4":"format-standard","5":"has-post-thumbnail","7":"category-prasa","8":"cs-entry","9":"cs-video-wrap"},"_links":{"self":[{"href":"https:\/\/mediarun.com\/pl\/wp-json\/wp\/v2\/posts\/80432","targetHints":{"allow":["GET"]}}],"collection":[{"href":"https:\/\/mediarun.com\/pl\/wp-json\/wp\/v2\/posts"}],"about":[{"href":"https:\/\/mediarun.com\/pl\/wp-json\/wp\/v2\/types\/post"}],"author":[{"embeddable":true,"href":"https:\/\/mediarun.com\/pl\/wp-json\/wp\/v2\/users\/1"}],"replies":[{"embeddable":true,"href":"https:\/\/mediarun.com\/pl\/wp-json\/wp\/v2\/comments?post=80432"}],"version-history":[{"count":0,"href":"https:\/\/mediarun.com\/pl\/wp-json\/wp\/v2\/posts\/80432\/revisions"}],"wp:featuredmedia":[{"embeddable":true,"href":"https:\/\/mediarun.com\/pl\/wp-json\/wp\/v2\/media\/80433"}],"wp:attachment":[{"href":"https:\/\/mediarun.com\/pl\/wp-json\/wp\/v2\/media?parent=80432"}],"wp:term":[{"taxonomy":"category","embeddable":true,"href":"https:\/\/mediarun.com\/pl\/wp-json\/wp\/v2\/categories?post=80432"},{"taxonomy":"post_tag","embeddable":true,"href":"https:\/\/mediarun.com\/pl\/wp-json\/wp\/v2\/tags?post=80432"}],"curies":[{"name":"wp","href":"https:\/\/api.w.org\/{rel}","templated":true}]}}