{"id":80431,"date":"2006-02-17T03:43:40","date_gmt":"2006-02-17T02:43:40","guid":{"rendered":"https:\/\/mediarun.com\/index.php\/news-posts\/witryna-polityczno-religijna\/"},"modified":"2006-02-17T03:43:40","modified_gmt":"2006-02-17T02:43:40","slug":"witryna-polityczno-religijna","status":"publish","type":"post","link":"https:\/\/mediarun.com\/pl\/media\/radio\/witryna-polityczno-religijna.html","title":{"rendered":"Witryna polityczno-religijna"},"content":{"rendered":"<p>&#8211; W zwi\u0105zku z sytuacj\u0105 zaistnia\u0142\u0105 dnia 2 lutego br., w kt\u00f3rej obecno\u015b\u0107 Radia Maryja i Telewizji Trwam w dokonuj\u0105cych si\u0119 aktach politycznych w Parlamencie sprawi\u0142a, \u017ce Ko\u015bci\u00f3\u0142 jest postrzegany jako strona jednoznacznie popieraj\u0105ca jedn\u0105 parti\u0119 polityczn\u0105, Prezydium Episkopatu Polski poczuwa si\u0119 w obowi\u0105zku upomnie\u0107 Ojca Prowincja\u0142a, kt\u00f3ry jest odpowiedzialny za dzia\u0142alno\u015b\u0107 i zaanga\u017cowanie Ojc\u00f3w prowadz\u0105cych powy\u017csze media. &#8211; czytamy we fragmencie listu prezydium KEP do prowincja\u0142a redemptoryst\u00f3w opublikowanym na \u0142amach portalu &#8222;Wiara.pl&#8221;<\/p>\n<p>&#8211; Bior\u0105c pod uwag\u0119 to, co si\u0119 sta\u0142o, oczekujemy na doprowadzenie przez Ojca Prowincja\u0142a do sytuacji, w kt\u00f3rej Radio Maryja i Telewizja Trwam zaczn\u0105 w pe\u0142ni respektowa\u0107 wskazania katolickiej nauki spo\u0142ecznej przypomniane w wy\u017cej cytowanych s\u0142owach Ojca \u015awi\u0119tego Benedykta XVI.- pisz\u0105 dalej biskupi <\/p>\n<p><?plik(4429,'center','Nowa witryna internetowa Radia Maryja\/ fot. radiomaryja.pl')?><\/p>\n<p>Wed\u0142ug bp. Pieronka i ks. prof. Remigiusza Soba\u0144skiego, specjalisty od prawa kanonicznego &#8211; Telewizja Trwam zosta\u0142a zarejestrowana nieprawid\u0142owo. Duchowni powo\u0142uj\u0105 si\u0119 na Artyku\u0142 5 Konkordatu, w kt\u00f3rym mowa o zapewnieniu ko\u015bcio\u0142owi przez pa\u0144stwo &#8222;wykonywania jurysdykcji&#8221; i &#8222;administrowaniu jego sprawami na podstawie prawa kanonicznego&#8221;. <\/p>\n<p>&#8222;Gazeta Wyborcza&#8221; skierowa\u0142a do rz\u0105du pytania w sprawie tez przedstawionych przez polskich hierarch\u00f3w ko\u015bcielnych. &#8211; Zdaniem urz\u0119dnik\u00f3w zgodnie z konkordatem fundacje mog\u0105 zak\u0142ada\u0107 tylko ko\u015bcielne osoby prawne, czyli parafie, zakony, stowarzyszenia religijne, a nie duchowni jako osoby fizyczne. &#8211; informuje dziennik<\/p>\n<p>Fundacja Lux Veritatis, w\u0142a\u015bciciel koncesji Telewizji Trwam &#8211; zosta\u0142a za\u0142o\u017cona w 1998 r. przez trzech redemptoryst\u00f3w z Torunia &#8211; Tadeusza Rydzyka, Jana Kr\u00f3la i Stanis\u0142awa Kwiatkowskiego. <\/p>\n<p>Medialna wrzawa wok\u00f3\u0142 polityczno\u015bci medi\u00f3w o. Rydzyka nie przeszkodzi\u0142a w realizacji kolejnego projektu samemu zainteresowanemu. Na pocz\u0105tku tygodnia serwis internetowy &#8222;global.net.pl&#8221; poinformowa\u0142 o nowym apelu dyrektora Radia Maryja &#8211; s\u0142uchacze mieliby tym razem wp\u0142aca\u0107 pieni\u0105dze na uruchomienie portalu internetowego. <\/p>\n<p>Nad projektem pracuj\u0105 ju\u017c studenci Wy\u017cszej Szko\u0142y Kultury Spo\u0142ecznej i Medialnej w Toruniu. Na razie dosz\u0142o jedynie do zmiany szaty graficznej i formu\u0142y oficjalnej witryny internetowej Radia Maryja. Portal o. Rydzyka ma ruszy\u0107 wiosn\u0105 2006 r. <\/p>\n<p>\u015arodowiska krytycznie nastawione do redemptorysty zarzucaj\u0105 mu brak zaplecza w postaci ludzi m\u0142odych, kt\u00f3rzy byliby sympatykami rozg\u0142o\u015bni po naturalnym odp\u0142ywie starszej grupy s\u0142uchaczy. Uruchomienie portalu internetowego to drugi krok po szkole medialnej &#8211; w celu dotarcia do m\u0142odych odbiorc\u00f3w. <\/p>\n<p>O. Rydzyk nie boi si\u0119 nowych technologii. Nieoficjalnie wiadomo, \u017ce w serwisie internetowym wykorzystane zostan\u0105 elementy telewizji interaktywnej &#8211; zbli\u017cone do serwisu iTVP nadawcy publicznego. Audycje Radia Maryja b\u0119dzie mo\u017cna automatycznie \u0142adowa\u0107 do odtwarzacza mp3 lub komputera &#8211; za po\u015brednictwem podcastingu. W Stanach Zjednoczonych od tego poj\u0119cia powsta\u0142o nowe &#8211; godcasting. Odnosi si\u0119 ono bezpo\u015brednio do tre\u015bci religijnych. Z narz\u0119dzia tego korzystaj\u0105 najbardziej charyzmatyczni kaznodzieje. <\/p>\n<p><?plik(4428,'center','Tematyka religijna w bezpo\u015brednim s\u0105siedztwie politycznej\/ fot. radiomaryja.pl')?><\/p>\n<p>Co mo\u017cemy znale\u017a\u0107 ju\u017c dzisiaj na nowej witrynie internetowej Radia Maryja? Nagrania rozm\u00f3w telefonicznych z szefami rz\u0105dowych resort\u00f3w sprawiedliwo\u015bci i skarbu pa\u0144stwa. Multimedialnych form autopromocji tych dw\u00f3ch ministerstw usi\u0142owali\u015bmy odszuka\u0107 na ich oficjalnych stronach internetowych.  Nie uda\u0142o nam si\u0119 to. &#8211; Problem nie polega na tym, \u017ce Radio Maryja tworzy taki portal i zamieszcza w nim multimedialne pliki z wypowiedziami cz\u0142onk\u00f3w rz\u0105du. Problem polega na braku d\u017awi\u0119kowych zapis\u00f3w wypowiedzi przedstawicieli innych formacji ni\u017c te, kt\u00f3re podpisa\u0142y pakt stabilizacyjny &#8211;  stwierdzi\u0142 prosz\u0105cy o anonimowo\u015b\u0107 dziennikarz katolickiego radia &#8211; niezwi\u0105zanego z o. Rydzykiem.<\/p>\n<p>Obok multimedi\u00f3w nie brakuje oczywi\u015bcie tre\u015bci tekstowych. Do dyspozycji jest przegl\u0105d prasy &#8211; bazuj\u0105cy na &#8222;Naszym Dzienniku&#8221;. Mo\u017cemy te\u017c uzyska\u0107 szczeg\u00f3\u0142owe informacje na temat audycji emitowanych na antenie Radia Maryja i zapozna\u0107 si\u0119 z poruszanymi w nich aspektami. <\/p>\n","protected":false},"excerpt":{"rendered":"Podczas gdy wi\u0119kszo\u015b\u0107 dziennik\u00f3w informowa\u0142a o li\u015bcie polskich biskup\u00f3w, kt\u00f3rzy sprzeciwiaj\u0105 si\u0119 &#8222;postrzeganiu ko\u015bcio\u0142a jako strony popieraj\u0105cej jedn\u0105 parti\u0119&#8221; &#8211; dyrektor toru\u0144skiej rozg\u0142o\u015bni realizuje swoje kolejne projekty. Z prawej strony nagrania z wypowiedziami cz\u0142onk\u00f3w rz\u0105du &#8211; z lewej zdj\u0119cie Jana Paw\u0142a II i przypomnienie pielgrzymek Rodziny Radia Maryja &#8211; tak wygl\u0105da nowa witryna internetowa toru\u0144skiej rozg\u0142o\u015bni o. Rydzyka. Premiera portalu ju\u017c wiosn\u0105.","protected":false},"author":1,"featured_media":0,"comment_status":"open","ping_status":"closed","sticky":false,"template":"","format":"standard","meta":{"csco_display_header_overlay":false,"csco_singular_sidebar":"","csco_page_header_type":"","csco_page_load_nextpost":"","csco_post_video_location":[],"csco_post_video_location_hash":"","csco_post_video_url":"","csco_post_video_bg_start_time":0,"csco_post_video_bg_end_time":0,"footnotes":""},"categories":[9672],"tags":[],"class_list":{"0":"post-80431","1":"post","2":"type-post","3":"status-publish","4":"format-standard","6":"category-radio","7":"cs-entry","8":"cs-video-wrap"},"_links":{"self":[{"href":"https:\/\/mediarun.com\/pl\/wp-json\/wp\/v2\/posts\/80431","targetHints":{"allow":["GET"]}}],"collection":[{"href":"https:\/\/mediarun.com\/pl\/wp-json\/wp\/v2\/posts"}],"about":[{"href":"https:\/\/mediarun.com\/pl\/wp-json\/wp\/v2\/types\/post"}],"author":[{"embeddable":true,"href":"https:\/\/mediarun.com\/pl\/wp-json\/wp\/v2\/users\/1"}],"replies":[{"embeddable":true,"href":"https:\/\/mediarun.com\/pl\/wp-json\/wp\/v2\/comments?post=80431"}],"version-history":[{"count":0,"href":"https:\/\/mediarun.com\/pl\/wp-json\/wp\/v2\/posts\/80431\/revisions"}],"wp:attachment":[{"href":"https:\/\/mediarun.com\/pl\/wp-json\/wp\/v2\/media?parent=80431"}],"wp:term":[{"taxonomy":"category","embeddable":true,"href":"https:\/\/mediarun.com\/pl\/wp-json\/wp\/v2\/categories?post=80431"},{"taxonomy":"post_tag","embeddable":true,"href":"https:\/\/mediarun.com\/pl\/wp-json\/wp\/v2\/tags?post=80431"}],"curies":[{"name":"wp","href":"https:\/\/api.w.org\/{rel}","templated":true}]}}