{"id":8042,"date":"2012-03-01T15:16:59","date_gmt":"2012-03-01T14:16:59","guid":{"rendered":"https:\/\/mediarun.com\/index.php\/news-posts\/ks-boniecki-i-walesa-nominowani-do-nagrody-radia-tok-fm\/"},"modified":"2012-03-01T15:16:59","modified_gmt":"2012-03-01T14:16:59","slug":"ks-boniecki-i-walesa-nominowani-do-nagrody-radia-tok-fm","status":"publish","type":"post","link":"https:\/\/mediarun.com\/pl\/media\/radio\/ks-boniecki-i-walesa-nominowani-do-nagrody-radia-tok-fm.html","title":{"rendered":"Ks. Boniecki i Wa\u0142\u0119sa nominowani do Nagrody Radia Tok FM"},"content":{"rendered":"<p>Laureat wyr&oacute;\u017cnienia &#8211; osoba, kt&oacute;ra zdaniem kapitu\u0142y nagrody w ci\u0105gu ostatniego roku wyr&oacute;\u017cni\u0142a si\u0119 wyj\u0105tkowym wp\u0142ywem na rzeczywisto\u015b\u0107 &#8211; zostanie og\u0142oszony podczas gali w klubie Palladium 13. marca br.<\/p>\n<p>Kapitu\u0142a Nagrody Radia Tok FM wybra\u0142a 3 nominowanych do tego wyr&oacute;\u017cnienia spo\u015br&oacute;d 63 os&oacute;b &#8211;  kandydat&oacute;w i kandydatek zg\u0142oszonych przez cz\u0142onk&oacute;w kapitu\u0142y i s\u0142uchaczy stacji. S\u0105 to: ks. Adam Boniecki, Danuta Wa\u0142\u0119sa i kpt. Tadeusz Wrona.<\/p>\n<p>Ks. Adam Boniecki, genera\u0142 zakonu marian&oacute;w, by\u0142y redaktor naczelny Tygodnika Powszechnego, zosta\u0142 zg\u0142oszony &#8222;za odwag\u0119, otwarty umys\u0142, wielki format oraz to, \u017ce potrafi m&oacute;wi\u0107 milcz\u0105c&#8221;.<\/p>\n<p>Danuta Wa\u0142\u0119sa, autorka ksi\u0105\u017cki &#8222;Marzenia i tajemnice&#8221;, zosta\u0142a doceniona &#8222;za odwag\u0119 napisania ksi\u0105\u017cki o tym, co to znaczy by\u0107 kobiet\u0105 w Polsce&#8221;.<\/p>\n<p>Kpt. Tadeusz Wrona, polski pilot cywilny otrzyma\u0142 nominacj\u0119 za to, \u017ce &#8222;sprawi\u0142, \u017ce na jaki\u015b czas &#8211; szkoda, \u017ce tak kr&oacute;tki &#8211; wszyscy poczuli\u015bmy si\u0119 tak, jak powinni\u015bmy si\u0119 czu\u0107 ka\u017cdego dnia&#8221;. Nominuj\u0105cy okre\u015blili go mianem &#8222;Bohatera mimo woli&#8221;.<\/p>\n<p>Spo\u015br&oacute;d tych trzech nominacji kapitu\u0142a wybierze laureata Nagrody Radia Tok FM.<\/p>\n","protected":false},"excerpt":{"rendered":"Ksi\u0105dz Adam Boniecki, Danuta Wa\u0142\u0119sa oraz kapitan Tadeusz Wrona to nominowani do tegorocznej Nagrody Radia Tok FM.","protected":false},"author":1,"featured_media":8043,"comment_status":"open","ping_status":"closed","sticky":false,"template":"","format":"standard","meta":{"csco_display_header_overlay":false,"csco_singular_sidebar":"","csco_page_header_type":"","csco_page_load_nextpost":"","csco_post_video_location":[],"csco_post_video_location_hash":"","csco_post_video_url":"","csco_post_video_bg_start_time":0,"csco_post_video_bg_end_time":0,"footnotes":""},"categories":[9672],"tags":[1123],"class_list":{"0":"post-8042","1":"post","2":"type-post","3":"status-publish","4":"format-standard","5":"has-post-thumbnail","7":"category-radio","8":"tag-radio-tok-fm","9":"cs-entry","10":"cs-video-wrap"},"_links":{"self":[{"href":"https:\/\/mediarun.com\/pl\/wp-json\/wp\/v2\/posts\/8042","targetHints":{"allow":["GET"]}}],"collection":[{"href":"https:\/\/mediarun.com\/pl\/wp-json\/wp\/v2\/posts"}],"about":[{"href":"https:\/\/mediarun.com\/pl\/wp-json\/wp\/v2\/types\/post"}],"author":[{"embeddable":true,"href":"https:\/\/mediarun.com\/pl\/wp-json\/wp\/v2\/users\/1"}],"replies":[{"embeddable":true,"href":"https:\/\/mediarun.com\/pl\/wp-json\/wp\/v2\/comments?post=8042"}],"version-history":[{"count":0,"href":"https:\/\/mediarun.com\/pl\/wp-json\/wp\/v2\/posts\/8042\/revisions"}],"wp:featuredmedia":[{"embeddable":true,"href":"https:\/\/mediarun.com\/pl\/wp-json\/wp\/v2\/media\/8043"}],"wp:attachment":[{"href":"https:\/\/mediarun.com\/pl\/wp-json\/wp\/v2\/media?parent=8042"}],"wp:term":[{"taxonomy":"category","embeddable":true,"href":"https:\/\/mediarun.com\/pl\/wp-json\/wp\/v2\/categories?post=8042"},{"taxonomy":"post_tag","embeddable":true,"href":"https:\/\/mediarun.com\/pl\/wp-json\/wp\/v2\/tags?post=8042"}],"curies":[{"name":"wp","href":"https:\/\/api.w.org\/{rel}","templated":true}]}}