{"id":8012,"date":"2012-03-01T20:20:59","date_gmt":"2012-03-01T19:20:59","guid":{"rendered":"https:\/\/mediarun.com\/index.php\/news-posts\/marcowy-numer-malemena-z-dodatkiem-modowym\/"},"modified":"2012-03-01T20:20:59","modified_gmt":"2012-03-01T19:20:59","slug":"marcowy-numer-malemena-z-dodatkiem-modowym","status":"publish","type":"post","link":"https:\/\/mediarun.com\/pl\/media\/prasa\/marcowy-numer-malemena-z-dodatkiem-modowym.html","title":{"rendered":"Marcowy numer MaleMena z dodatkiem modowym"},"content":{"rendered":"<p>Znajdzie si\u0119 w nim wszystko, co m\u0119\u017cczyzna powinien wiedzie\u0107 o modzie, \u017ceby j\u0105 polubi\u0107. O swoich &#8222;obsesjach&#8221; &#8211; trwalszych ni\u017c trendy &#8211; m&oacute;wi\u0105 Jerzy Maksymiuk, Robert Kozyra, Jan Peszek i Kamil Sipowicz.<\/p>\n<p>Projektanci &#8211; Rafa\u0142 Czapul, Mariusz Przybylski, Robert Kupisz, Konrad Parol i Ania Kuczy\u0144ska wyja\u015bni\u0105 co z czym i dlaczego nosi\u0107, o co chodzi z szyciem dla m\u0119\u017cczyzn i dlaczego warto z tej mo\u017cliwo\u015bci korzysta\u0107.<\/p>\n<p>W numerze marcowym Robert Lewandowski opowie o tym, jak to jest nie m&oacute;c \u017cy\u0107 bez pi\u0142ki. Krzysztof Siwczyk, poeta i przypadkowy aktor, wyja\u015bni jak to jest nie m&oacute;c \u017cy\u0107 bez pisania. Natomiast Adam Gessler zapewni, \u017ce nie warto si\u0119 poddawa\u0107.  Janusz Korwin Mikke oznajmi, \u017ce z my\u015blenia nic nie zwalnia. Plus du\u017co informacji o jedzeniu, m.in. ile i gdzie najlepiej zje\u015b\u0107 za 30 z\u0142 &#8211; rekomendacje z ca\u0142ej Polski.<\/p>\n<p>W marcu Malemen zaczyna drukowa\u0107 wiersz w odcinkach &#8211; po raz pierwszy w historii (tak\u017ce historii literatury) wiersz powstaje po jednym wersie z numeru na numer, bo drukowany jest &#8211; po wersie &#8211; na grzbiecie ka\u017cdego kolejnego wydania.<\/p>\n<p>Do zabawy da\u0142 si\u0119 nam&oacute;wi\u0107 poeta Bohdan Zadura. Jego &#8222;Profilaktyka&#8221; powstawa\u0107 b\u0119dzie przez ca\u0142y 2012 rok &#8211; ca\u0142y wiersz b\u0119dzie mo\u017cna wi\u0119c przeczyta\u0107 tylko posiadaj\u0105c ca\u0142y rocznik magazynu.<\/p>\n","protected":false},"excerpt":{"rendered":"Z marcowym numerem miesi\u0119cznika Malemen po raz pierwszy uka\u017ce si\u0119 dodatek &#8222;Malemen Style&#8221; w ca\u0142o\u015bci po\u015bwi\u0119cony modzie m\u0119skiej.","protected":false},"author":1,"featured_media":8013,"comment_status":"open","ping_status":"closed","sticky":false,"template":"","format":"standard","meta":{"csco_display_header_overlay":false,"csco_singular_sidebar":"","csco_page_header_type":"","csco_page_load_nextpost":"","csco_post_video_location":[],"csco_post_video_location_hash":"","csco_post_video_url":"","csco_post_video_bg_start_time":0,"csco_post_video_bg_end_time":0,"footnotes":""},"categories":[9673],"tags":[1373],"class_list":{"0":"post-8012","1":"post","2":"type-post","3":"status-publish","4":"format-standard","5":"has-post-thumbnail","7":"category-prasa","8":"tag-malemen","9":"cs-entry","10":"cs-video-wrap"},"_links":{"self":[{"href":"https:\/\/mediarun.com\/pl\/wp-json\/wp\/v2\/posts\/8012","targetHints":{"allow":["GET"]}}],"collection":[{"href":"https:\/\/mediarun.com\/pl\/wp-json\/wp\/v2\/posts"}],"about":[{"href":"https:\/\/mediarun.com\/pl\/wp-json\/wp\/v2\/types\/post"}],"author":[{"embeddable":true,"href":"https:\/\/mediarun.com\/pl\/wp-json\/wp\/v2\/users\/1"}],"replies":[{"embeddable":true,"href":"https:\/\/mediarun.com\/pl\/wp-json\/wp\/v2\/comments?post=8012"}],"version-history":[{"count":0,"href":"https:\/\/mediarun.com\/pl\/wp-json\/wp\/v2\/posts\/8012\/revisions"}],"wp:featuredmedia":[{"embeddable":true,"href":"https:\/\/mediarun.com\/pl\/wp-json\/wp\/v2\/media\/8013"}],"wp:attachment":[{"href":"https:\/\/mediarun.com\/pl\/wp-json\/wp\/v2\/media?parent=8012"}],"wp:term":[{"taxonomy":"category","embeddable":true,"href":"https:\/\/mediarun.com\/pl\/wp-json\/wp\/v2\/categories?post=8012"},{"taxonomy":"post_tag","embeddable":true,"href":"https:\/\/mediarun.com\/pl\/wp-json\/wp\/v2\/tags?post=8012"}],"curies":[{"name":"wp","href":"https:\/\/api.w.org\/{rel}","templated":true}]}}