{"id":8006,"date":"2012-03-01T21:32:52","date_gmt":"2012-03-01T20:32:52","guid":{"rendered":"https:\/\/mediarun.com\/index.php\/news-posts\/karpiel-bulecka-ambasadorem-kampanii-po-stronie-natury\/"},"modified":"2012-03-01T21:32:52","modified_gmt":"2012-03-01T20:32:52","slug":"karpiel-bulecka-ambasadorem-kampanii-po-stronie-natury","status":"publish","type":"post","link":"https:\/\/mediarun.com\/pl\/marketing\/atl\/karpiel-bulecka-ambasadorem-kampanii-po-stronie-natury.html","title":{"rendered":"Karpiel-Bu\u0142ecka ambasadorem kampanii &#8222;Po stronie natury&#8221;"},"content":{"rendered":"<p>W ramach zaplanowanych dzia\u0142a\u0144, jak co roku, organizowany jest konkurs grantowy na projekty ekologiczne. Wiosn\u0105 w lasach Beskidu \u017bywieckiego zostanie posadzony czwarty ju\u017c milion drzew. Podobnie jak w ubieg\u0142ym roku, ambasadorem tegorocznej edycji zosta\u0142 Sebastian Karpiel-Bu\u0142ecka.<\/p>\n<p>W ramach programu &#8222;Po stronie natury&#8221; w lasach Beskidu \u017bywieckiego, sk\u0105d wywodzi si\u0119 sp&oacute;\u0142ka, sadzone s\u0105 buki i jod\u0142y z modrzewiem, \u015bwierkiem i jaworem w domieszce. Jest to element odtwarzania pradawnej Puszczy Karpackiej. Do tej pory trzema milionami drzew obsadzono teren o powierzchni blisko 700 hektar&oacute;w, co odpowiada 980 boiskom pi\u0142karskim. Dodatkowo, tegorocznej edycji towarzyszy has\u0142o &#8222;Posad\u017a dalej!&#8221;. Idea ta ma na celu aktywizacj\u0119 spo\u0142ecze\u0144stwa i pokazanie, \u017ce ka\u017cdy z nas ma realny wp\u0142yw na stan \u015brodowiska naturalnego, a dzia\u0142aj\u0105c wsp&oacute;lnie mo\u017cemy osi\u0105gn\u0105\u0107 znacznie wi\u0119cej ni\u017c w pojedynk\u0119.<\/p>\n<p>Jednym z g\u0142&oacute;wnych filar&oacute;w programu jest edukacja ekologiczna. Partnerzy prowadz\u0105 dzia\u0142ania na rzecz poszerzenia wiedzy o ochronie przyrody ze szczeg&oacute;lnym uwzgl\u0119dnieniem dbania o drzewa i wod\u0119. W ramach &#8222;Po stronie natury&#8221; organizowany jest konkurs grantowy, w kt&oacute;rym plac&oacute;wki o\u015bwiatowo-wychowawcze mog\u0105 ubiega\u0107 si\u0119 o dofinansowanie na realizacj\u0119 lokalnych projekt&oacute;w ekologicznych. Efektem trzech poprzednich edycji kampanii jest realizacja 70 takich inicjatyw. W tym roku na projekty grantowe firma \u017bywiec Zdr&oacute;j przeznaczy\u0142a \u0142\u0105cznie 150 tysi\u0119cy z\u0142otych.<\/p>\n<p>Program realizowany jest przy wsparciu dzia\u0142a\u0144 ATL, BTL i PR. W okresie od 1 marca do 15 kwietnia b\u0119dzie prowadzona kampania reklamowa, obejmuj\u0105ca m.in. spoty telewizyjne z udzia\u0142em ambasadora akcji &#8211; Sebastiana Karpiela-Bu\u0142ecki. Zaplanowano r&oacute;wnie\u017c dzia\u0142ania skierowane do u\u017cytkownik&oacute;w medi&oacute;w spo\u0142ecznio\u015bciowych oraz bloger&oacute;w. Wczesn\u0105 wiosn\u0105 w ramach programu zostan\u0105 tak\u017ce zorganizowane happeningi sprawdzaj\u0105ce wiedz\u0119 Polak&oacute;w na temat ekologii i zach\u0119caj\u0105ce do dbania o \u015brodowisko naturalne ze szczeg&oacute;lnym uwzgl\u0119dnieniem drzew. W tym roku planowane jest rozszerzenie akcji sadzenia drzew na dodatkowe lokalizacje, poza lasami Beskidu \u017bywieckiego prawdopodobnie obejmie ono r&oacute;wnie\u017c okolice Bia\u0142egostoku i Miros\u0142awca.<\/p>\n<p>1 marca zosta\u0142a uruchomiona od\u015bwie\u017cona strona <a rel=\"nofollow noopener\" href=\"http:\/\/www.postronienatury.pl\/\" target=\"_blank\">www.postronienatury.pl<\/a>, z aplikacj\u0105 umo\u017cliwiaj\u0105c\u0105 wirtualne sadzenie drzew, kt&oacute;re mo\u017cna nast\u0119pnie zadedykowa\u0107 wybranej osobie. Kreacj\u0119 ATL kampanii przygotowa\u0142a agencja Young &amp; Rubicam, a zakupem medi&oacute;w zajmuje si\u0119 dom mediowy Mediacom. Obecno\u015b\u0107 w internecie nadzoruje Grupa Heureka. Agencja Garden of Words jest odpowiedzialna za organizacj\u0119 akcji ambientowych oraz prowadzenie biura prasowego.<\/p>\n","protected":false},"excerpt":{"rendered":"Ju\u017c po raz czwarty firma \u017bywiec Zdr&oacute;j razem z Fundacj\u0105 Nasza Ziemia i Regionaln\u0105 Dyrekcj\u0105 Las&oacute;w Pa\u0144stwowych w Katowicach realizuje program, kt&oacute;rego celem jest kszta\u0142towanie \u015bwiadomo\u015bci ekologicznej.","protected":false},"author":1,"featured_media":8007,"comment_status":"open","ping_status":"closed","sticky":false,"template":"","format":"standard","meta":{"csco_display_header_overlay":false,"csco_singular_sidebar":"","csco_page_header_type":"","csco_page_load_nextpost":"","csco_post_video_location":[],"csco_post_video_location_hash":"","csco_post_video_url":"","csco_post_video_bg_start_time":0,"csco_post_video_bg_end_time":0,"footnotes":""},"categories":[9642],"tags":[9645,1367,370,831,200,9643,334,936],"class_list":{"0":"post-8006","1":"post","2":"type-post","3":"status-publish","4":"format-standard","5":"has-post-thumbnail","7":"category-atl","8":"tag-btl","9":"tag-garden-of-words","10":"tag-heureka","11":"tag-mediacom","12":"tag-reklama","13":"tag-atl","14":"tag-young-rubicam","15":"tag-zywiec-zdroj","16":"cs-entry","17":"cs-video-wrap"},"_links":{"self":[{"href":"https:\/\/mediarun.com\/pl\/wp-json\/wp\/v2\/posts\/8006","targetHints":{"allow":["GET"]}}],"collection":[{"href":"https:\/\/mediarun.com\/pl\/wp-json\/wp\/v2\/posts"}],"about":[{"href":"https:\/\/mediarun.com\/pl\/wp-json\/wp\/v2\/types\/post"}],"author":[{"embeddable":true,"href":"https:\/\/mediarun.com\/pl\/wp-json\/wp\/v2\/users\/1"}],"replies":[{"embeddable":true,"href":"https:\/\/mediarun.com\/pl\/wp-json\/wp\/v2\/comments?post=8006"}],"version-history":[{"count":0,"href":"https:\/\/mediarun.com\/pl\/wp-json\/wp\/v2\/posts\/8006\/revisions"}],"wp:featuredmedia":[{"embeddable":true,"href":"https:\/\/mediarun.com\/pl\/wp-json\/wp\/v2\/media\/8007"}],"wp:attachment":[{"href":"https:\/\/mediarun.com\/pl\/wp-json\/wp\/v2\/media?parent=8006"}],"wp:term":[{"taxonomy":"category","embeddable":true,"href":"https:\/\/mediarun.com\/pl\/wp-json\/wp\/v2\/categories?post=8006"},{"taxonomy":"post_tag","embeddable":true,"href":"https:\/\/mediarun.com\/pl\/wp-json\/wp\/v2\/tags?post=8006"}],"curies":[{"name":"wp","href":"https:\/\/api.w.org\/{rel}","templated":true}]}}