{"id":7638,"date":"2012-03-15T13:23:47","date_gmt":"2012-03-15T12:23:47","guid":{"rendered":"https:\/\/mediarun.com\/index.php\/news-posts\/2-nowe-kryminaly-w-ale-kino-wideo\/"},"modified":"2012-03-15T13:23:47","modified_gmt":"2012-03-15T12:23:47","slug":"2-nowe-kryminaly-w-ale-kino-wideo","status":"publish","type":"post","link":"https:\/\/mediarun.com\/pl\/media\/tv\/2-nowe-kryminaly-w-ale-kino-wideo.html","title":{"rendered":"2 nowe krymina\u0142y w ale kino+ (wideo)"},"content":{"rendered":"<p>Od 21 marca do 15 kwietnia, w ka\u017cd\u0105 \u015brod\u0119 o godz. 20.10, ale kino+ poka\u017ce premierowo dwa odcinki serialu <strong>&#8222;Na granicy cienia&#8221;<\/strong> &#8211; 8-odcinkowego thrillera kryminalnego. Akcja serialu osnuta jest wok&oacute;\u0142 morderstwa gro\u017anego przest\u0119pcy, kt&oacute;ry tu\u017c przed \u015bmierci\u0105 opu\u015bci\u0142 wi\u0119zienie. Ca\u0142\u0105 spraw\u0119 b\u0119dzie bada\u0142 detektyw Jonah Gabriel (w tej roli&nbsp;Chiwetel Ejiofor). Jednak im bardziej zbli\u017ca si\u0119 on do rozwi\u0105zania tej zagadki, tym mocniej zag\u0119szcza si\u0119 wok&oacute;\u0142 niego sie\u0107 intryg, a on przekonuje si\u0119, \u017ce nic nie jest jednoznaczne moralnie. &#8222;Na granicy cienia&#8221; to serial o \u015bledztwie prowadzonym r&oacute;wnolegle przez policj\u0119 i przest\u0119pc&oacute;w i o ich metodach pracy. Tytu\u0142ow\u0105 granic\u0119 cienia wyznacza moralno\u015b\u0107 ka\u017cdego z bohater&oacute;w. Pozostaje pytanie, jak daleko si\u0119 posun\u0105, zanim w ko\u0144cu j\u0105 przekrocz\u0105 &#8211; m&oacute;wi Hugo Blick, pomys\u0142odawca, re\u017cyser i scenarzysta serialu.<\/p>\n<p>Natomiast w kwietniu b\u0119dzie emitowany pierwszy sezon serialu <strong>&#8222;Morderca z Whitechapel&#8221;<\/strong>. Jest to historia wsp&oacute;\u0142czesnego Kuby Rozpruwacza.&nbsp;W serialu wyst\u0119puj\u0105, m.in.: Rupert Penry-Jones, kt&oacute;ry wcieli si\u0119 w Josepha Chandlera, Philip Davis, kt&oacute;ry zagra Raya Milesa, a tak\u017ce Steve Pemberton, kt&oacute;ry wyst\u0105pi w roli Edwarda Buchana. Wszyscy trzej bohaterowie b\u0119d\u0105 starali si\u0119 rozwi\u0105za\u0107 zagadk\u0119 wzorowan\u0105 na kryminalnej historii sprzed stu lat.<\/p>\n<p>ale kino+ poka\u017ce od razu wszystkie trzy sezony &#8222;Mordercy z Whitechapel&#8221;. Sezon pierwszy, sk\u0142adaj\u0105cy si\u0119 z trzech odcink&oacute;w, stacja wy\u015bwietli w niedziele: 22 kwietnia (dwa odcinki) i 29 kwietnia (odcinek trzeci). Sezon drugi, r&oacute;wnie\u017c sk\u0142adaj\u0105cy si\u0119 z trzech odcink&oacute;w, widzowie obejrz\u0105 w niedziele: 29 kwietnia i 6 maja. Sezon trzeci, kt&oacute;ry liczy sze\u015b\u0107 epizod&oacute;w, b\u0119dzie wy\u015bwietlany w niedziele od 13 do 27 maja.<\/p>\n","protected":false},"excerpt":{"rendered":"W wiosennej ram&oacute;wce ale kino+ pojawi\u0105 si\u0119 dwa nowe brytyjskie seriale kryminalne: &#8222;Na granicy cienia&#8221; oraz &#8222;Morderca z Whitechapel&#8221;.","protected":false},"author":1,"featured_media":7639,"comment_status":"open","ping_status":"closed","sticky":false,"template":"","format":"standard","meta":{"csco_display_header_overlay":false,"csco_singular_sidebar":"","csco_page_header_type":"","csco_page_load_nextpost":"","csco_post_video_location":[],"csco_post_video_location_hash":"","csco_post_video_url":"","csco_post_video_bg_start_time":0,"csco_post_video_bg_end_time":0,"footnotes":""},"categories":[9670],"tags":[605,1120],"class_list":{"0":"post-7638","1":"post","2":"type-post","3":"status-publish","4":"format-standard","5":"has-post-thumbnail","7":"category-tv","8":"tag-ale-kino","9":"tag-serial","10":"cs-entry","11":"cs-video-wrap"},"_links":{"self":[{"href":"https:\/\/mediarun.com\/pl\/wp-json\/wp\/v2\/posts\/7638","targetHints":{"allow":["GET"]}}],"collection":[{"href":"https:\/\/mediarun.com\/pl\/wp-json\/wp\/v2\/posts"}],"about":[{"href":"https:\/\/mediarun.com\/pl\/wp-json\/wp\/v2\/types\/post"}],"author":[{"embeddable":true,"href":"https:\/\/mediarun.com\/pl\/wp-json\/wp\/v2\/users\/1"}],"replies":[{"embeddable":true,"href":"https:\/\/mediarun.com\/pl\/wp-json\/wp\/v2\/comments?post=7638"}],"version-history":[{"count":0,"href":"https:\/\/mediarun.com\/pl\/wp-json\/wp\/v2\/posts\/7638\/revisions"}],"wp:featuredmedia":[{"embeddable":true,"href":"https:\/\/mediarun.com\/pl\/wp-json\/wp\/v2\/media\/7639"}],"wp:attachment":[{"href":"https:\/\/mediarun.com\/pl\/wp-json\/wp\/v2\/media?parent=7638"}],"wp:term":[{"taxonomy":"category","embeddable":true,"href":"https:\/\/mediarun.com\/pl\/wp-json\/wp\/v2\/categories?post=7638"},{"taxonomy":"post_tag","embeddable":true,"href":"https:\/\/mediarun.com\/pl\/wp-json\/wp\/v2\/tags?post=7638"}],"curies":[{"name":"wp","href":"https:\/\/api.w.org\/{rel}","templated":true}]}}