{"id":75243,"date":"2006-06-20T11:36:14","date_gmt":"2006-06-20T09:36:14","guid":{"rendered":"https:\/\/mediarun.com\/index.php\/news-posts\/debata-o-emigracji-w-wyborczej\/"},"modified":"2006-06-20T11:36:14","modified_gmt":"2006-06-20T09:36:14","slug":"debata-o-emigracji-w-wyborczej","status":"publish","type":"post","link":"https:\/\/mediarun.com\/pl\/media\/prasa\/debata-o-emigracji-w-wyborczej.html","title":{"rendered":"Debata o emigracji w Wyborczej"},"content":{"rendered":"<p>W dyskusji wezm\u0105 udzia\u0142: Krystyna Iglicka-Ok\u00f3lska &#8211; demograf, specjalistka od migracji, Tomasz Karo\u0144 &#8211; socjolog z firmy badawczej SMG\/KRC, Krzysztof Paw\u0142owski &#8211; rektor Wy\u017cszej Szko\u0142y Biznesu w Nowym S\u0105czu i Ryszard Petru &#8211; g\u0142\u00f3wny ekonomista Banku Przemys\u0142owo-Handlowego. Debat\u0119 poprowadz\u0105: zast\u0119pca redaktora naczelnego Gazety Wyborczej, Piotr Pacewicz oraz zast\u0119pca dyrektora programowego TVN24 ds. publicystyki, Grzegorz Miecugow.<\/p>\n<p>Dyskusj\u0119 b\u0119dzie transmitowa\u0142a telewizja TVN24, relacj\u0119 z wydarzenia zamie\u015bci na swoich \u0142amach tak\u017ce Gazeta Wyborcza.<\/p>\n","protected":false},"excerpt":{"rendered":"W ramach akcji Przystanek Europa organizowanej przez Gazet\u0119 Wyborcz\u0105 i TVN24 odb\u0119dzie si\u0119 dyskusja wybitnych specjalist\u00f3w o szansach i zagro\u017ceniach wynikaj\u0105cych z masowych migracji Polak\u00f3w do pracy za granic\u0105. Debata zorganizowana zostanie w \u015brod\u0119 21 czerwca o godzinie 13:00 w redakcji Gazety.","protected":false},"author":1,"featured_media":75244,"comment_status":"open","ping_status":"closed","sticky":false,"template":"","format":"standard","meta":{"csco_display_header_overlay":false,"csco_singular_sidebar":"","csco_page_header_type":"","csco_page_load_nextpost":"","csco_post_video_location":[],"csco_post_video_location_hash":"","csco_post_video_url":"","csco_post_video_bg_start_time":0,"csco_post_video_bg_end_time":0,"footnotes":""},"categories":[9673],"tags":[],"class_list":{"0":"post-75243","1":"post","2":"type-post","3":"status-publish","4":"format-standard","5":"has-post-thumbnail","7":"category-prasa","8":"cs-entry","9":"cs-video-wrap"},"_links":{"self":[{"href":"https:\/\/mediarun.com\/pl\/wp-json\/wp\/v2\/posts\/75243","targetHints":{"allow":["GET"]}}],"collection":[{"href":"https:\/\/mediarun.com\/pl\/wp-json\/wp\/v2\/posts"}],"about":[{"href":"https:\/\/mediarun.com\/pl\/wp-json\/wp\/v2\/types\/post"}],"author":[{"embeddable":true,"href":"https:\/\/mediarun.com\/pl\/wp-json\/wp\/v2\/users\/1"}],"replies":[{"embeddable":true,"href":"https:\/\/mediarun.com\/pl\/wp-json\/wp\/v2\/comments?post=75243"}],"version-history":[{"count":0,"href":"https:\/\/mediarun.com\/pl\/wp-json\/wp\/v2\/posts\/75243\/revisions"}],"wp:featuredmedia":[{"embeddable":true,"href":"https:\/\/mediarun.com\/pl\/wp-json\/wp\/v2\/media\/75244"}],"wp:attachment":[{"href":"https:\/\/mediarun.com\/pl\/wp-json\/wp\/v2\/media?parent=75243"}],"wp:term":[{"taxonomy":"category","embeddable":true,"href":"https:\/\/mediarun.com\/pl\/wp-json\/wp\/v2\/categories?post=75243"},{"taxonomy":"post_tag","embeddable":true,"href":"https:\/\/mediarun.com\/pl\/wp-json\/wp\/v2\/tags?post=75243"}],"curies":[{"name":"wp","href":"https:\/\/api.w.org\/{rel}","templated":true}]}}