{"id":75240,"date":"2006-06-20T17:19:51","date_gmt":"2006-06-20T15:19:51","guid":{"rendered":"https:\/\/mediarun.com\/index.php\/news-posts\/tygodnik-powszechny-laureatem-orla-jana-karskiego\/"},"modified":"2006-06-20T17:19:51","modified_gmt":"2006-06-20T15:19:51","slug":"tygodnik-powszechny-laureatem-orla-jana-karskiego","status":"publish","type":"post","link":"https:\/\/mediarun.com\/pl\/media\/prasa\/tygodnik-powszechny-laureatem-orla-jana-karskiego.html","title":{"rendered":"Tygodnik Powszechny laureatem Or\u0142a Jana Karskiego"},"content":{"rendered":"<p>Jak pisz\u0105 organizatorzy w swoim komunikacie, Jan Karski od lat 40. by\u0142 wiernym czytelnikiem Tygodnika. Wi\u0119zy sympatii \u0142\u0105czy\u0142y go z Jerzym Turowiczem, by\u0142ym naczelnym pisma. W uzasadnieniu przyznania nagrody napisano, \u017ce Jan Karski uwa\u017ca\u0142, i\u017c bez Tygodnika Powszechnego nie by\u0142oby mo\u017cliwe wy\u0142onienie si\u0119 w Ko\u015bciele postaci formatu Karola Wojty\u0142y ze wszystkim tego konsekwencjami si\u0119gaj\u0105cymi Stolicy Apostolskiej. Tygodnik okre\u015bla\u0142 mianem &#8216;ornamentu polskiego katolicyzmu&#8217;.<\/p>\n<p>Wraz z Tygodnikiem Powszechnym Or\u0142em zosta\u0142a uhonorowana r\u00f3wnie\u017c wybitna w\u0142oskiej dziennikarka i pisarka Oriana Fallaci za niez\u0142omn\u0105 pasj\u0119 i odwag\u0119 m\u00f3wienia prawdy o czasach, kt\u00f3rym daje \u015bwiadectwo.<\/p>\n<p>Nagroda przyznawana jest zgodnie z wol\u0105 Pomys\u0142odawcy tym, kt\u00f3rzy &#8216;godnie nad Polsk\u0105 potrafi\u0105 si\u0119 zafrasowa\u0107&#8217; (w przypadku Polak\u00f3w) oraz tym, kt\u00f3rzy nie b\u0119d\u0105c Polakaminie pozostaj\u0105 wobec naszego kraju oboj\u0119tni. Nagroda ma charakter honorowy. Towarzyszy jej statuetka Or\u0142a, kt\u00f3rego projekt zaakceptowa\u0142 pomys\u0142odawca i kreator nagrody. <\/p>\n<p>W poprzednich latach laureatami Or\u0142\u00f3w Jana Karskiego byli m.in. ks. J\u00f3zef Tischner, Jacek Kuro\u0144, Marek Edelman, Tadeusz Mazowiecki, abp Alfons Nossol i Wiktor Juszczenko.<\/p>\n","protected":false},"excerpt":{"rendered":"Nagrod\u0119 ustanowion\u0105 przez Jana Karskiego &#8211; Or\u0142a, za &#8216;formowanie Polski i Polak\u00f3w w wierze i odwadze, w warto\u015bciach, kt\u00f3re ukszta\u0142towa\u0142y Jana Paw\u0142a II&#8217; otrzyma\u0142 w tym roku Tygodnik Powszechny. Wyr\u00f3\u017cnienie odebra\u0142 19 czerwca w imieniu pisma jego redaktor naczelny, ks. Adam Boniecki.","protected":false},"author":1,"featured_media":75241,"comment_status":"open","ping_status":"closed","sticky":false,"template":"","format":"standard","meta":{"csco_display_header_overlay":false,"csco_singular_sidebar":"","csco_page_header_type":"","csco_page_load_nextpost":"","csco_post_video_location":[],"csco_post_video_location_hash":"","csco_post_video_url":"","csco_post_video_bg_start_time":0,"csco_post_video_bg_end_time":0,"footnotes":""},"categories":[9673],"tags":[],"class_list":{"0":"post-75240","1":"post","2":"type-post","3":"status-publish","4":"format-standard","5":"has-post-thumbnail","7":"category-prasa","8":"cs-entry","9":"cs-video-wrap"},"_links":{"self":[{"href":"https:\/\/mediarun.com\/pl\/wp-json\/wp\/v2\/posts\/75240","targetHints":{"allow":["GET"]}}],"collection":[{"href":"https:\/\/mediarun.com\/pl\/wp-json\/wp\/v2\/posts"}],"about":[{"href":"https:\/\/mediarun.com\/pl\/wp-json\/wp\/v2\/types\/post"}],"author":[{"embeddable":true,"href":"https:\/\/mediarun.com\/pl\/wp-json\/wp\/v2\/users\/1"}],"replies":[{"embeddable":true,"href":"https:\/\/mediarun.com\/pl\/wp-json\/wp\/v2\/comments?post=75240"}],"version-history":[{"count":0,"href":"https:\/\/mediarun.com\/pl\/wp-json\/wp\/v2\/posts\/75240\/revisions"}],"wp:featuredmedia":[{"embeddable":true,"href":"https:\/\/mediarun.com\/pl\/wp-json\/wp\/v2\/media\/75241"}],"wp:attachment":[{"href":"https:\/\/mediarun.com\/pl\/wp-json\/wp\/v2\/media?parent=75240"}],"wp:term":[{"taxonomy":"category","embeddable":true,"href":"https:\/\/mediarun.com\/pl\/wp-json\/wp\/v2\/categories?post=75240"},{"taxonomy":"post_tag","embeddable":true,"href":"https:\/\/mediarun.com\/pl\/wp-json\/wp\/v2\/tags?post=75240"}],"curies":[{"name":"wp","href":"https:\/\/api.w.org\/{rel}","templated":true}]}}