{"id":7516,"date":"2012-03-20T15:10:27","date_gmt":"2012-03-20T14:10:27","guid":{"rendered":"https:\/\/mediarun.com\/index.php\/news-posts\/bauer-integruje-imperium-tv-z-tv14\/"},"modified":"2012-03-20T15:10:27","modified_gmt":"2012-03-20T14:10:27","slug":"bauer-integruje-imperium-tv-z-tv14","status":"publish","type":"post","link":"https:\/\/mediarun.com\/pl\/media\/prasa\/bauer-integruje-imperium-tv-z-tv14.html","title":{"rendered":"Bauer integruje Imperium TV z TV14"},"content":{"rendered":"<p>&#8211; Imperium TV oraz TV14 to czasopisma o zbli\u017conej formule, ale to jednak TV 14 w swej unikatowej formule dwutygodnika cieszy si\u0119 coraz wi\u0119ksz\u0105 popularno\u015bci\u0105, a jego sprzeda\u017c ro\u015bnie. St\u0105d decyzja o integracji obu czasopism w celu wzmocnienia pozycji dwutygodnika &#8211;  m&oacute;wi Ma\u0142gorzata Walkowska-Geyderowicz, dyrektor wydawnicza segmentu pism telewizyjnych Bauera.<\/p>\n<p>Dotychczasowa redaktor naczelna ITV Ewa Zielniewicz przechodzi na emerytur\u0119. Pozostali pracownicy otrzymali ofert\u0119 kontynuowania pracy w innych tytu\u0142ach.<\/p>\n","protected":false},"excerpt":{"rendered":"Wydawnictwo Bauer integruje tygodnik Imperium TV z dwutygodnikiem TV14. 26 marca br., w poniedzia\u0142ek uka\u017ce si\u0119 ostatnie wydanie ITV, do kt&oacute;rego dodany zostanie &nbsp;dwutygodnik TV14.","protected":false},"author":1,"featured_media":7517,"comment_status":"open","ping_status":"closed","sticky":false,"template":"","format":"standard","meta":{"csco_display_header_overlay":false,"csco_singular_sidebar":"","csco_page_header_type":"","csco_page_load_nextpost":"","csco_post_video_location":[],"csco_post_video_location_hash":"","csco_post_video_url":"","csco_post_video_bg_start_time":0,"csco_post_video_bg_end_time":0,"footnotes":""},"categories":[9673],"tags":[60],"class_list":{"0":"post-7516","1":"post","2":"type-post","3":"status-publish","4":"format-standard","5":"has-post-thumbnail","7":"category-prasa","8":"tag-bauer","9":"cs-entry","10":"cs-video-wrap"},"_links":{"self":[{"href":"https:\/\/mediarun.com\/pl\/wp-json\/wp\/v2\/posts\/7516","targetHints":{"allow":["GET"]}}],"collection":[{"href":"https:\/\/mediarun.com\/pl\/wp-json\/wp\/v2\/posts"}],"about":[{"href":"https:\/\/mediarun.com\/pl\/wp-json\/wp\/v2\/types\/post"}],"author":[{"embeddable":true,"href":"https:\/\/mediarun.com\/pl\/wp-json\/wp\/v2\/users\/1"}],"replies":[{"embeddable":true,"href":"https:\/\/mediarun.com\/pl\/wp-json\/wp\/v2\/comments?post=7516"}],"version-history":[{"count":0,"href":"https:\/\/mediarun.com\/pl\/wp-json\/wp\/v2\/posts\/7516\/revisions"}],"wp:featuredmedia":[{"embeddable":true,"href":"https:\/\/mediarun.com\/pl\/wp-json\/wp\/v2\/media\/7517"}],"wp:attachment":[{"href":"https:\/\/mediarun.com\/pl\/wp-json\/wp\/v2\/media?parent=7516"}],"wp:term":[{"taxonomy":"category","embeddable":true,"href":"https:\/\/mediarun.com\/pl\/wp-json\/wp\/v2\/categories?post=7516"},{"taxonomy":"post_tag","embeddable":true,"href":"https:\/\/mediarun.com\/pl\/wp-json\/wp\/v2\/tags?post=7516"}],"curies":[{"name":"wp","href":"https:\/\/api.w.org\/{rel}","templated":true}]}}