{"id":74855,"date":"2006-06-29T09:49:09","date_gmt":"2006-06-29T07:49:09","guid":{"rendered":"https:\/\/mediarun.com\/index.php\/news-posts\/krrit-wybrala-rady\/"},"modified":"2006-06-29T09:49:09","modified_gmt":"2006-06-29T07:49:09","slug":"krrit-wybrala-rady","status":"publish","type":"post","link":"https:\/\/mediarun.com\/pl\/media\/radio\/krrit-wybrala-rady.html","title":{"rendered":"KRRiT wybra\u0142a rady"},"content":{"rendered":"<p>Do rady nadzorczej rozg\u0142o\u015bni regionalnych powo\u0142ano:<br \/>\nRadio Gda\u0144sk: Wojciech Charkin, Marek \u0141ochwicki, Andrzej Gackowski i S\u0142awomir Antoni Niecko<br \/>\nPRO FM w Opolu: Jerzy Roszkowski, Adrian Czubak, Jerzy Okrzesa i Jan Butmankiewicz Radio Bia\u0142ystok: Grzegorz Kunowski, El\u017cbieta Nowacka &#8211; Szurkowska, J\u00f3zef Nowak i Gniewomir Rokosz &#8211; Kuczy\u0144ski<br \/>\nRadio Rzesz\u00f3w: Zbigniew Sieczko\u015b, J\u00f3zef Matusz, Justyna Gorczyca i Marek Augustyn Smoli\u0144ski<br \/>\nRadio \u0141\u00f3d\u017a: Grzegorz Zawada, Waldemar Drozd, Jacek P\u0119kala i W\u0142adys\u0142awa Sygulska<br \/>\nRado Kielce: Edmund Zaj\u0105c, Agnieszka Szl\u0119k, Agnieszka Ksenia Massalska i Jaros\u0142aw Kary\u015b<br \/>\nRadio Wroc\u0142aw: Janusz Burysz, Zbigniew Haj\u0142asz, Beata Pona i Milan U\u0161\u0103k<br \/>\nRadio zach\u00f3d: Jan Stanis\u0142aw Pasierbowicz, Roman Olejniczak, Artur Rygiel i Aleksandra Sawicka &#8211; Starosta<br \/>\nRadio dla Ciebie: Marek Janusz Kowalski, Dariusz Szwczyk, Wiktor Kryspin i Wies\u0142aw Grabacik<br \/>\nRadio Merkury: Tomasz Naganowski, Katarzyna Materna, Ma\u0142gorzata Ciemi\u0119ga i Zdzis\u0142aw Maciej Papie\u017c<br \/>\nRadio Katowice: Witold Naturski, Jadwiga Chmielowska, Krzysztof Przybylski i Antoni Sobocik<br \/>\nRadio Szczecin: Artur Kubaj, Dariusz W\u0105s, Ireneusz Fryszkowski i Marta Giezek<br \/>\nRadio PiK: Jerzy K\u0119cik, Jolanta Kuligowska &#8211; Roszak, Artur Piotrowicz i Jacek Tkaczyk<br \/>\nRadio Koszalin: Krzysztof Legun, Tadeusz Bobrowski, Franciszka Pniewska i Dariusz Dudkiewicz<br \/>\nRadio Olsztyn: Ewa Chaj\u0119cka, Andrzej Sikorski, Andrzej Piotr Wr\u00f3blewski i Zezon Z\u0142akowski<br \/>\nRadio Krak\u00f3w: Bogumi\u0142a Rybia\u0142ek, Witold Petrulis, Tomasz Sanecki i Jan Andrzej Wieczorkowski<br \/>\nRadio Lublin: Anna Chudek, Dariusz Marek Baran, Piotr Franciszek Wawrze\u0144ski i Piotr Dreher.<\/p>\n","protected":false},"excerpt":{"rendered":"Krajowa Rada Radiofonii i Telewizji na \u015brodowym posiedzeniu dokona\u0142a wyboru cz\u0142onk\u00f3w rad nadzorczych rozg\u0142o\u015bni regionalnych Polskiego Radia SA. KRRiT wybra\u0142a po 4 cz\u0142onk\u00f3w &#8211; 5 osobowych rad nadzorczych.","protected":false},"author":1,"featured_media":74856,"comment_status":"open","ping_status":"closed","sticky":false,"template":"","format":"standard","meta":{"csco_display_header_overlay":false,"csco_singular_sidebar":"","csco_page_header_type":"","csco_page_load_nextpost":"","csco_post_video_location":[],"csco_post_video_location_hash":"","csco_post_video_url":"","csco_post_video_bg_start_time":0,"csco_post_video_bg_end_time":0,"footnotes":""},"categories":[9672],"tags":[],"class_list":{"0":"post-74855","1":"post","2":"type-post","3":"status-publish","4":"format-standard","5":"has-post-thumbnail","7":"category-radio","8":"cs-entry","9":"cs-video-wrap"},"_links":{"self":[{"href":"https:\/\/mediarun.com\/pl\/wp-json\/wp\/v2\/posts\/74855","targetHints":{"allow":["GET"]}}],"collection":[{"href":"https:\/\/mediarun.com\/pl\/wp-json\/wp\/v2\/posts"}],"about":[{"href":"https:\/\/mediarun.com\/pl\/wp-json\/wp\/v2\/types\/post"}],"author":[{"embeddable":true,"href":"https:\/\/mediarun.com\/pl\/wp-json\/wp\/v2\/users\/1"}],"replies":[{"embeddable":true,"href":"https:\/\/mediarun.com\/pl\/wp-json\/wp\/v2\/comments?post=74855"}],"version-history":[{"count":0,"href":"https:\/\/mediarun.com\/pl\/wp-json\/wp\/v2\/posts\/74855\/revisions"}],"wp:featuredmedia":[{"embeddable":true,"href":"https:\/\/mediarun.com\/pl\/wp-json\/wp\/v2\/media\/74856"}],"wp:attachment":[{"href":"https:\/\/mediarun.com\/pl\/wp-json\/wp\/v2\/media?parent=74855"}],"wp:term":[{"taxonomy":"category","embeddable":true,"href":"https:\/\/mediarun.com\/pl\/wp-json\/wp\/v2\/categories?post=74855"},{"taxonomy":"post_tag","embeddable":true,"href":"https:\/\/mediarun.com\/pl\/wp-json\/wp\/v2\/tags?post=74855"}],"curies":[{"name":"wp","href":"https:\/\/api.w.org\/{rel}","templated":true}]}}