{"id":7464,"date":"2012-03-21T15:31:55","date_gmt":"2012-03-21T14:31:55","guid":{"rendered":"https:\/\/mediarun.com\/index.php\/news-posts\/krew-z-krwi-pierwszy-odcinek-odkodowany\/"},"modified":"2012-03-21T15:31:55","modified_gmt":"2012-03-21T14:31:55","slug":"krew-z-krwi-pierwszy-odcinek-odkodowany","status":"publish","type":"post","link":"https:\/\/mediarun.com\/pl\/media\/tv\/krew-z-krwi-pierwszy-odcinek-odkodowany.html","title":{"rendered":"&#8222;Krew z krwi&#8221;: pierwszy odcinek odkodowany"},"content":{"rendered":"<p>Od 20 marca dzia\u0142a oficjalna strona internetowa <a href=\"http:\/\/www.krewzkrwi.pl\" target=\"_blank\" rel=\"noopener\">www.krewzkrwi.pl<\/a>, kt&oacute;ra zawiera obszerne informacje o produkcji, ekskluzywn\u0105 galeri\u0119 zdj\u0119\u0107 i materia\u0142y video.<\/p>\n<p>Fabu\u0142a serialu &#8222;Krew z krwi&#8221; utrzymana jest w klimacie dramatu sensacyjnego. O\u015bmioodcinkowa produkcja Canal+ zosta\u0142a wyre\u017cyserowana przez Xawerego \u017bu\u0142awskiego. G\u0142&oacute;wn\u0105 rol\u0119 zagra\u0142a Agata Kulesza, kt&oacute;ra otrzyma\u0142a w nagrod\u0119 Polskiej Akademii Filmowej &#8211; Or\u0142a 2012 za najlepsz\u0105 rol\u0119 kobiec\u0105 w filmie &#8222;R&oacute;\u017ca&#8221;. W serialu partneruj\u0105 jej m.in. Aleksander Domogarov, \u0141ukasz Simlat, Iza Kuna, Mariusz Bonaszewski, Szymon Bobrowski, Iwona Bielska, Ma\u0142gorzata Buczkowska, Andrzej Andrzejewski, Jerzy Gra\u0142ek, Zbigniew Stryj, a tak\u017ce obiecuj\u0105cy aktorzy najm\u0142odszego pokolenia: Maciej Musia\u0142 i Ma\u0142gorzata Koz\u0142owska.<\/p>\n<p>W serwisie krewzkrwi.pl, znajduj\u0105 si\u0119, m.in.: materia\u0142y typu making of, wypowiedzi tw&oacute;rc&oacute;w i aktor&oacute;w, opisy postaci czy galerie zdj\u0119ciowe. Serwis b\u0119dzie wzbogacany o trailery i opisy poszczeg&oacute;lnych odcink&oacute;w. B\u0119dzie te\u017c mo\u017cliwo\u015bc pobrania multimedi&oacute;w zwi\u0105zanych z produkcj\u0105, tj. tapety, wygaszacze ekranu oraz prowadzi\u0107 dyskusje na forum.<\/p>\n","protected":false},"excerpt":{"rendered":"Premiera serialu na antenie Canal+ odb\u0119dzie si\u0119 11 kwietnia, o godz. 21.00. Odkodowany sygna\u0142 zostanie udost\u0119pniony zar&oacute;wno abonentom Cyfry+, jak i sieciom kablowym.","protected":false},"author":1,"featured_media":7465,"comment_status":"open","ping_status":"closed","sticky":false,"template":"","format":"standard","meta":{"csco_display_header_overlay":false,"csco_singular_sidebar":"","csco_page_header_type":"","csco_page_load_nextpost":"","csco_post_video_location":[],"csco_post_video_location_hash":"","csco_post_video_url":"","csco_post_video_bg_start_time":0,"csco_post_video_bg_end_time":0,"footnotes":""},"categories":[9670],"tags":[518,1120],"class_list":{"0":"post-7464","1":"post","2":"type-post","3":"status-publish","4":"format-standard","5":"has-post-thumbnail","7":"category-tv","8":"tag-canal","9":"tag-serial","10":"cs-entry","11":"cs-video-wrap"},"_links":{"self":[{"href":"https:\/\/mediarun.com\/pl\/wp-json\/wp\/v2\/posts\/7464","targetHints":{"allow":["GET"]}}],"collection":[{"href":"https:\/\/mediarun.com\/pl\/wp-json\/wp\/v2\/posts"}],"about":[{"href":"https:\/\/mediarun.com\/pl\/wp-json\/wp\/v2\/types\/post"}],"author":[{"embeddable":true,"href":"https:\/\/mediarun.com\/pl\/wp-json\/wp\/v2\/users\/1"}],"replies":[{"embeddable":true,"href":"https:\/\/mediarun.com\/pl\/wp-json\/wp\/v2\/comments?post=7464"}],"version-history":[{"count":0,"href":"https:\/\/mediarun.com\/pl\/wp-json\/wp\/v2\/posts\/7464\/revisions"}],"wp:featuredmedia":[{"embeddable":true,"href":"https:\/\/mediarun.com\/pl\/wp-json\/wp\/v2\/media\/7465"}],"wp:attachment":[{"href":"https:\/\/mediarun.com\/pl\/wp-json\/wp\/v2\/media?parent=7464"}],"wp:term":[{"taxonomy":"category","embeddable":true,"href":"https:\/\/mediarun.com\/pl\/wp-json\/wp\/v2\/categories?post=7464"},{"taxonomy":"post_tag","embeddable":true,"href":"https:\/\/mediarun.com\/pl\/wp-json\/wp\/v2\/tags?post=7464"}],"curies":[{"name":"wp","href":"https:\/\/api.w.org\/{rel}","templated":true}]}}