{"id":7366,"date":"2012-03-26T14:22:24","date_gmt":"2012-03-26T12:22:24","guid":{"rendered":"https:\/\/mediarun.com\/index.php\/news-posts\/naczelny-se-do-prokuratury-za-komentarz-o-policji\/"},"modified":"2012-03-26T14:22:24","modified_gmt":"2012-03-26T12:22:24","slug":"naczelny-se-do-prokuratury-za-komentarz-o-policji","status":"publish","type":"post","link":"https:\/\/mediarun.com\/pl\/media\/prasa\/naczelny-se-do-prokuratury-za-komentarz-o-policji.html","title":{"rendered":"Naczelny SE do prokuratury za komentarz o policji"},"content":{"rendered":"<p>Sprawa dotyczy <a rel=\"nofollow noopener\" href=\"http:\/\/www.se.pl\/wydarzenia\/opinie\/slawomir-jastrzebowski-nauczcie-rzecznika-milczec_246774.html\" target=\"_blank\">komentarza<\/a> S\u0142awomira Jastrz\u0119bowskiego, redaktora naczelnego Super Expressu, kt&oacute;ry w czwartek skomentowa\u0142 omy\u0142kowe wtargni\u0119cie funkcjonariuszy policji do jednego z mieszka\u0144 w Katowicach.<\/p>\n<p>&#8211; Ludzie mog\u0105 by\u0107 g\u0142upi, bardzo g\u0142upi i mog\u0105 by\u0107 policyjnymi antyterrorystami z Katowic. O tych ostatnich g\u0142o\u015bno na ca\u0142\u0105 Polsk\u0119, poniewa\u017c szukali z\u0142odzieja. Tak szukali, \u017ce wtargn\u0119li do mieszkania Bogu ducha winnych ludzi, skopali niewinn\u0105 kobiet\u0119, t\u0142ukli jej g\u0142ow\u0105 o pod\u0142og\u0119 sze\u015b\u0107 razy i wybili jej p&oacute;\u0142 z\u0119ba (&#8230;) Rewelacja! Do mieszkania niewinnych ludzi wpada banda uzbrojonych debili osi\u0142k&oacute;w, t\u0142ucze g\u0142ow\u0105 kobiety o pod\u0142og\u0119 i rzecznik tej bandy ma pretensje, \u017ce kobieta nie wsp&oacute;\u0142pracowa\u0142a?&nbsp;&#8211; pisze Jastrz\u0119bowski, redaktor naczelny SE.<\/p>\n<p>Komendant Wojew&oacute;dzki Policji w Katowicach uzna\u0142, \u017ce wypowied\u017a Jastrz\u0119bowskiego, zawieraj\u0105ca inwektywy pod adresem policjant&oacute;w znacznie, przekroczy\u0142a dopuszczalne granice krytyki prasowej.&nbsp;W zwi\u0105zku z tym wobec naczelnego Super Expressu podj\u0119te zosta\u0142y kroki prawne.<\/p>\n<p>Komendant Wojew&oacute;dzki Policji w Katowicach skierowa\u0142 pismo w tej sprawie do Rady Etyki Medi&oacute;w, a do Prokuratury Okr\u0119gowej w Katowicach zawiadomienie o podejrzeniu pope\u0142nienia przest\u0119pstwa zniewa\u017cenia wszystkich \u015bl\u0105skich policjant&oacute;w.<\/p>\n<p>&#8211; O ile nikt nie odmawia przedstawicielom medi&oacute;w w demokratycznym pa\u0144stwie prawa do krytyki poczyna\u0144 przedstawicieli instytucji tego\u017c pa\u0144stwa, a szczeg&oacute;lnie dzia\u0142a\u0144 b\u0142\u0119dnych, to okre\u015blanie policjant&oacute;w obra\u017aliwymi epitetami jest co najmniej naganne &#8211; napisano na stronie KWP w Katowicach.<\/p>\n","protected":false},"excerpt":{"rendered":"&#8211; Ludzie mog\u0105 by\u0107 g\u0142upi, bardzo g\u0142upi i mog\u0105 by\u0107 policyjnymi antyterrorystami z Katowic &#8211; napisa\u0142 redaktor naczelny Super Expressu. Policja zapowiada pozew.","protected":false},"author":1,"featured_media":7367,"comment_status":"open","ping_status":"closed","sticky":false,"template":"","format":"standard","meta":{"csco_display_header_overlay":false,"csco_singular_sidebar":"","csco_page_header_type":"","csco_page_load_nextpost":"","csco_post_video_location":[],"csco_post_video_location_hash":"","csco_post_video_url":"","csco_post_video_bg_start_time":0,"csco_post_video_bg_end_time":0,"footnotes":""},"categories":[9673],"tags":[671],"class_list":{"0":"post-7366","1":"post","2":"type-post","3":"status-publish","4":"format-standard","5":"has-post-thumbnail","7":"category-prasa","8":"tag-super-express","9":"cs-entry","10":"cs-video-wrap"},"_links":{"self":[{"href":"https:\/\/mediarun.com\/pl\/wp-json\/wp\/v2\/posts\/7366","targetHints":{"allow":["GET"]}}],"collection":[{"href":"https:\/\/mediarun.com\/pl\/wp-json\/wp\/v2\/posts"}],"about":[{"href":"https:\/\/mediarun.com\/pl\/wp-json\/wp\/v2\/types\/post"}],"author":[{"embeddable":true,"href":"https:\/\/mediarun.com\/pl\/wp-json\/wp\/v2\/users\/1"}],"replies":[{"embeddable":true,"href":"https:\/\/mediarun.com\/pl\/wp-json\/wp\/v2\/comments?post=7366"}],"version-history":[{"count":0,"href":"https:\/\/mediarun.com\/pl\/wp-json\/wp\/v2\/posts\/7366\/revisions"}],"wp:featuredmedia":[{"embeddable":true,"href":"https:\/\/mediarun.com\/pl\/wp-json\/wp\/v2\/media\/7367"}],"wp:attachment":[{"href":"https:\/\/mediarun.com\/pl\/wp-json\/wp\/v2\/media?parent=7366"}],"wp:term":[{"taxonomy":"category","embeddable":true,"href":"https:\/\/mediarun.com\/pl\/wp-json\/wp\/v2\/categories?post=7366"},{"taxonomy":"post_tag","embeddable":true,"href":"https:\/\/mediarun.com\/pl\/wp-json\/wp\/v2\/tags?post=7366"}],"curies":[{"name":"wp","href":"https:\/\/api.w.org\/{rel}","templated":true}]}}