{"id":73511,"date":"2006-08-04T06:00:00","date_gmt":"2006-08-04T04:00:00","guid":{"rendered":"https:\/\/mediarun.com\/index.php\/news-posts\/czas-na-debiut\/"},"modified":"2006-08-04T06:00:00","modified_gmt":"2006-08-04T04:00:00","slug":"czas-na-debiut","status":"publish","type":"post","link":"https:\/\/mediarun.com\/pl\/wydarzenia\/czas-na-debiut.html","title":{"rendered":"Czas na debiut!"},"content":{"rendered":"<p>Jest on organizowany dla czytelnik\u00f3w czterech dziennik\u00f3w regionalnych: Gazety Pozna\u0144skiej, Dziennika Ba\u0142tyckiego, Dziennika Zachodniego i Gazety Wroc\u0142awskiej i wy\u0142oni najlepiej zapowiadaj\u0105cych si\u0119 m\u0142odych tw\u00f3rc\u00f3w filmowych z ka\u017cdego regionu. <BR><BR>Czytelnicy drog\u0105 g\u0142osowania zdecyduj\u0105, kogo rekomenduj\u0105 do otrzymania dotacji na debiut fabularny. Zwyci\u0119zca zostanie uhonorowany statuetk\u0105 telewizji Kino Polska, kt\u00f3ra b\u0119dzie wr\u0119czona na bankiecie podczas Festiwalu. <BR><BR>Poza tym otrzyma list polecaj\u0105cy wystawiony przez redakcj\u0119 dziennika w imieniu czytelnik\u00f3w, skierowany do Dyrektora Polskiego Instytutu Sztuki Filmowej. Spo\u015br\u00f3d g\u0142osuj\u0105cych czytelnik\u00f3w wylosowany zostanie jeden szcz\u0119\u015bliwiec (dla ka\u017cdego dziennika oddzielnie), kt\u00f3ry wraz z osob\u0105 towarzysz\u0105c\u0105 b\u0119dzie specjalnym go\u015bciem Festiwalu Polskich Film\u00f3w Fabularnych w Gdyni w dniach od 11 do 16 wrze\u015bnia br.<BR><BR>Termin nadsy\u0142ania kupon\u00f3w z g\u0142osami do poszczeg\u00f3lnych redakcji up\u0142ywa 28 sierpnia, a nazwiska zar\u00f3wno zwyci\u0119skich tw\u00f3rc\u00f3w, jak i wylosowanych czytelnik\u00f3w, kt\u00f3rzy sp\u0119dz\u0105 niezapomniany tydzie\u0144 w Gdyni, zostan\u0105 opublikowane 1 wrze\u015bnia na \u0142amach poszczeg\u00f3lnych gazet oraz na stronie <A href=\"http:\/\/www.kinopolska.pl\">www.kinopolska.pl<\/A> &lt;<A href=\"http:\/\/www.kinopolska.pl\/\">http:\/\/www.kinopolska.pl\/<\/A>&gt;.<BR><BR>Patronat nad plebiscytem obj\u0119\u0142y Stowarzyszenie Filmowc\u00f3w Polskich oraz Pomorska Fundacja Filmowa. Sponsorem nag\u00f3d w plebiscycie jest Vectra.<\/p>\n","protected":false},"excerpt":{"rendered":"Z okazji rozpoczynaj\u0105cego si\u0119 11 wrze\u015bnia XXXI Festiwalu Polskich Film\u00f3w Fabularnych w Gdyni telewizja Kino Polska organizuje plebiscyt.","protected":false},"author":1,"featured_media":73512,"comment_status":"open","ping_status":"closed","sticky":false,"template":"","format":"standard","meta":{"csco_display_header_overlay":false,"csco_singular_sidebar":"","csco_page_header_type":"","csco_page_load_nextpost":"","csco_post_video_location":[],"csco_post_video_location_hash":"","csco_post_video_url":"","csco_post_video_bg_start_time":0,"csco_post_video_bg_end_time":0,"footnotes":""},"categories":[46],"tags":[],"class_list":{"0":"post-73511","1":"post","2":"type-post","3":"status-publish","4":"format-standard","5":"has-post-thumbnail","7":"category-wydarzenia","8":"cs-entry","9":"cs-video-wrap"},"_links":{"self":[{"href":"https:\/\/mediarun.com\/pl\/wp-json\/wp\/v2\/posts\/73511","targetHints":{"allow":["GET"]}}],"collection":[{"href":"https:\/\/mediarun.com\/pl\/wp-json\/wp\/v2\/posts"}],"about":[{"href":"https:\/\/mediarun.com\/pl\/wp-json\/wp\/v2\/types\/post"}],"author":[{"embeddable":true,"href":"https:\/\/mediarun.com\/pl\/wp-json\/wp\/v2\/users\/1"}],"replies":[{"embeddable":true,"href":"https:\/\/mediarun.com\/pl\/wp-json\/wp\/v2\/comments?post=73511"}],"version-history":[{"count":0,"href":"https:\/\/mediarun.com\/pl\/wp-json\/wp\/v2\/posts\/73511\/revisions"}],"wp:featuredmedia":[{"embeddable":true,"href":"https:\/\/mediarun.com\/pl\/wp-json\/wp\/v2\/media\/73512"}],"wp:attachment":[{"href":"https:\/\/mediarun.com\/pl\/wp-json\/wp\/v2\/media?parent=73511"}],"wp:term":[{"taxonomy":"category","embeddable":true,"href":"https:\/\/mediarun.com\/pl\/wp-json\/wp\/v2\/categories?post=73511"},{"taxonomy":"post_tag","embeddable":true,"href":"https:\/\/mediarun.com\/pl\/wp-json\/wp\/v2\/tags?post=73511"}],"curies":[{"name":"wp","href":"https:\/\/api.w.org\/{rel}","templated":true}]}}