{"id":7278,"date":"2012-03-30T12:18:00","date_gmt":"2012-03-30T10:18:00","guid":{"rendered":"https:\/\/mediarun.com\/index.php\/news-posts\/figurskiemu-grozi-wiezienie\/"},"modified":"2012-03-30T12:18:00","modified_gmt":"2012-03-30T10:18:00","slug":"figurskiemu-grozi-wiezienie","status":"publish","type":"post","link":"https:\/\/mediarun.com\/pl\/media\/radio\/figurskiemu-grozi-wiezienie.html","title":{"rendered":"Figurskiemu grozi wi\u0119zienie"},"content":{"rendered":"<p>O zarzutach dla dziennikarzy poinformowa\u0142 wczoraj serwis Sdp.pl. Taka sama kara grozi Kubie Wojew&oacute;dzkiemu, kt&oacute;ry jeszcze nie stawi\u0142 si\u0119 na wezwanie prokuratury.<\/p>\n<p>Sprawa dotyczy zniewa\u017cenia Alvina Gajadhura, rzecznika prasowego G\u0142&oacute;wnego Inspektoratu Transportu Drogowego.<\/p>\n<p>Pod koniec maja ubieg\u0142ego roku, Kuba Wojew&oacute;dzki oraz Micha\u0142 Figurski podczas programu &#8222;Poranny WF&#8221;, powiedzieli: &#8222;Zadzwo\u0144my teraz do Murzyna&#8221;. Autorzy audycji wy\u015bmiewali si\u0119, \u017ce telefon Alvina Gajadhura, z kt&oacute;rym kilkukrotnie pr&oacute;bowali si\u0119 po\u0142\u0105czy\u0107 dzia\u0142a w &#8222;buszme\u0144skiej sieci dla czarnych&#8221;.  Pad\u0142y te\u017c s\u0142owa &#8222;krajowy rejestr murzyn&oacute;w&#8221; oraz, \u017ce &#8222;audycj\u0119 dzisiejsz\u0105 sponsoruje warszawski oddzia\u0142 Ku Klux Klan-u&#8221;.<\/p>\n<p>W ubieg\u0142ym roku Alvin Gajadhur z\u0142o\u017cy\u0142 w tej sprawie skarg\u0119 do Rady Etyki Medi&oacute;w.<\/p>\n<p>&#8211; Ten przejaw rasizmu na antenie og&oacute;lnopolskiej rozg\u0142o\u015bni radiowej ze strony dziennikarzy, kt&oacute;rzy s\u0105 idolami wielu m\u0142odych Polak&oacute;w, jest pogwa\u0142ceniem zasady szacunku i tolerancji zapisanej w Karcie Etycznej Medi&oacute;w (&#8230;). Demonstrowanie rasizmu wykracza poza granice satyry i etycznego dziennikarstwa &#8211; uzna\u0142a Rada Etyki Medi&oacute;w.<\/p>\n<p>Serwis Sdp.pl poda\u0142, \u017ce prokuratura prowadzi post\u0119powanie na prywatny wniosek Gajadhura.<\/p>\n","protected":false},"excerpt":{"rendered":"Micha\u0142 Figurski, wsp&oacute;\u0142autor programu  &#8222;Poranny WF&#8221; emitowanego w Esce Rock, us\u0142ysza\u0142 zarzuty publicznego zniewa\u017cania Alvina Gajadhura. Grozi mu za to kara do 3 lat wi\u0119zienia.","protected":false},"author":1,"featured_media":7279,"comment_status":"open","ping_status":"closed","sticky":false,"template":"","format":"standard","meta":{"csco_display_header_overlay":false,"csco_singular_sidebar":"","csco_page_header_type":"","csco_page_load_nextpost":"","csco_post_video_location":[],"csco_post_video_location_hash":"","csco_post_video_url":"","csco_post_video_bg_start_time":0,"csco_post_video_bg_end_time":0,"footnotes":""},"categories":[9672],"tags":[668,588,1163],"class_list":{"0":"post-7278","1":"post","2":"type-post","3":"status-publish","4":"format-standard","5":"has-post-thumbnail","7":"category-radio","8":"tag-eska-rock","9":"tag-kuba-wojewodzki","10":"tag-rada-etyki-mediow","11":"cs-entry","12":"cs-video-wrap"},"_links":{"self":[{"href":"https:\/\/mediarun.com\/pl\/wp-json\/wp\/v2\/posts\/7278","targetHints":{"allow":["GET"]}}],"collection":[{"href":"https:\/\/mediarun.com\/pl\/wp-json\/wp\/v2\/posts"}],"about":[{"href":"https:\/\/mediarun.com\/pl\/wp-json\/wp\/v2\/types\/post"}],"author":[{"embeddable":true,"href":"https:\/\/mediarun.com\/pl\/wp-json\/wp\/v2\/users\/1"}],"replies":[{"embeddable":true,"href":"https:\/\/mediarun.com\/pl\/wp-json\/wp\/v2\/comments?post=7278"}],"version-history":[{"count":0,"href":"https:\/\/mediarun.com\/pl\/wp-json\/wp\/v2\/posts\/7278\/revisions"}],"wp:featuredmedia":[{"embeddable":true,"href":"https:\/\/mediarun.com\/pl\/wp-json\/wp\/v2\/media\/7279"}],"wp:attachment":[{"href":"https:\/\/mediarun.com\/pl\/wp-json\/wp\/v2\/media?parent=7278"}],"wp:term":[{"taxonomy":"category","embeddable":true,"href":"https:\/\/mediarun.com\/pl\/wp-json\/wp\/v2\/categories?post=7278"},{"taxonomy":"post_tag","embeddable":true,"href":"https:\/\/mediarun.com\/pl\/wp-json\/wp\/v2\/tags?post=7278"}],"curies":[{"name":"wp","href":"https:\/\/api.w.org\/{rel}","templated":true}]}}