{"id":7260,"date":"2012-03-30T14:34:05","date_gmt":"2012-03-30T12:34:05","guid":{"rendered":"https:\/\/mediarun.com\/index.php\/news-posts\/tvp-krytykuje-lisa-za-zaproszenie-rutkowskiego\/"},"modified":"2012-03-30T14:34:05","modified_gmt":"2012-03-30T12:34:05","slug":"tvp-krytykuje-lisa-za-zaproszenie-rutkowskiego","status":"publish","type":"post","link":"https:\/\/mediarun.com\/pl\/media\/tv\/tvp-krytykuje-lisa-za-zaproszenie-rutkowskiego.html","title":{"rendered":"TVP krytykuje Lisa za zaproszenie Rutkowskiego"},"content":{"rendered":"<p>26 marca br. w autorskim programie &#8222;Tomasz Lis na \u017cywo&#8221; wyst\u0105pili m.in. Kazimiera Szczuka i Krzysztof Rutkowski. Zaproszeni go\u015bcie rozmawiali o dzia\u0142aniach Rutkowskiego w sprawie \u015bmierci Madzi z Sosnowca, oraz o roli medi&oacute;w odno\u015bnie tej historii.<\/p>\n<p>Podczas programu dosz\u0142o pomi\u0119dzy nimi do ostrej wymiany zda\u0144. W ferworze nerw&oacute;w go\u015bcie przekrzykiwali si\u0119 nawzajem i obra\u017cali: &#8222;Pan jest totalnie nabuzowany&#8221;,&nbsp;&#8222;Mam wra\u017cenie, \u017ce Pan jest naprawd\u0119 na haju&#8221;, &#8222;Pani jest pijana. Pani si\u0119 przypali\u0142o&#8221;.<\/p>\n<p>&#8211; Rada Programowa TVP protestuje przeciwko promowaniu w telewizji publicznej os&oacute;b, kt&oacute;rych dzia\u0142alno\u015b\u0107 ur\u0105ga wszelkim normom etycznym &#8211; tak\u0105 informacj\u0119, wskazuj\u0105c na Krzysztofa Rutkowskiego, przekaza\u0142 Marek Krawczyk, przewodnicz\u0105cy Rady Programowej TVP.<\/p>\n<p>&#8211; Zarzucano mi ju\u017c r&oacute;\u017cne rzeczy, ale jeszcze nigdy to, \u017ce m&oacute;j go\u015b\u0107 nie spe\u0142nia norm etycznych. Zastanawiam si\u0119, wed\u0142ug jakiej miary kto\u015b te normy ustanawia i decyduje potem kto je spe\u0142nia, a kto nie &#8211; napisa\u0142 na swoim blogu w serwisie&nbsp;<a rel=\"nofollow noopener\" href=\"http:\/\/tomaszlis.natemat.pl\/8147,kto-decyduje-o-tym-kto-nadaje-sie-do-telewizji\" target=\"_blank\">NaTemat.pl<\/a> Tomasz Lis o uchwale Rady Programowej TVP.<\/p>\n<p>Rada Programowa TVP nie odnios\u0142a si\u0119 do obecno\u015bci w programie Kazimiery Szczuki.<\/p>\n","protected":false},"excerpt":{"rendered":"&#8211; Zaproszenie Krzysztofa Rutkowskiego do programu &#8222;Tomasz Lis na \u017cywo&#8221; jest &#8222;przyk\u0142adem z\u0142amania praktyki dobrego obyczaju i kompetencji&#8221; &#8211; tak\u0105 uchwa\u0142\u0119 jednomy\u015blnie przyj\u0119\u0142a Rada Programowa TVP.","protected":false},"author":1,"featured_media":7261,"comment_status":"open","ping_status":"closed","sticky":false,"template":"","format":"standard","meta":{"csco_display_header_overlay":false,"csco_singular_sidebar":"","csco_page_header_type":"","csco_page_load_nextpost":"","csco_post_video_location":[],"csco_post_video_location_hash":"","csco_post_video_url":"","csco_post_video_bg_start_time":0,"csco_post_video_bg_end_time":0,"footnotes":""},"categories":[9670],"tags":[1193,610],"class_list":{"0":"post-7260","1":"post","2":"type-post","3":"status-publish","4":"format-standard","5":"has-post-thumbnail","7":"category-tv","8":"tag-tomasz-lis","9":"tag-tvp2","10":"cs-entry","11":"cs-video-wrap"},"_links":{"self":[{"href":"https:\/\/mediarun.com\/pl\/wp-json\/wp\/v2\/posts\/7260","targetHints":{"allow":["GET"]}}],"collection":[{"href":"https:\/\/mediarun.com\/pl\/wp-json\/wp\/v2\/posts"}],"about":[{"href":"https:\/\/mediarun.com\/pl\/wp-json\/wp\/v2\/types\/post"}],"author":[{"embeddable":true,"href":"https:\/\/mediarun.com\/pl\/wp-json\/wp\/v2\/users\/1"}],"replies":[{"embeddable":true,"href":"https:\/\/mediarun.com\/pl\/wp-json\/wp\/v2\/comments?post=7260"}],"version-history":[{"count":0,"href":"https:\/\/mediarun.com\/pl\/wp-json\/wp\/v2\/posts\/7260\/revisions"}],"wp:featuredmedia":[{"embeddable":true,"href":"https:\/\/mediarun.com\/pl\/wp-json\/wp\/v2\/media\/7261"}],"wp:attachment":[{"href":"https:\/\/mediarun.com\/pl\/wp-json\/wp\/v2\/media?parent=7260"}],"wp:term":[{"taxonomy":"category","embeddable":true,"href":"https:\/\/mediarun.com\/pl\/wp-json\/wp\/v2\/categories?post=7260"},{"taxonomy":"post_tag","embeddable":true,"href":"https:\/\/mediarun.com\/pl\/wp-json\/wp\/v2\/tags?post=7260"}],"curies":[{"name":"wp","href":"https:\/\/api.w.org\/{rel}","templated":true}]}}